{"id":9045,"date":"2025-12-08T13:21:23","date_gmt":"2025-12-08T13:21:23","guid":{"rendered":"https:\/\/musineinstitute.org\/odrzan-regionalni-seminar-za-novinare-o-radnickim-pravima-i-ekonomskoj-pravdi\/"},"modified":"2026-04-02T09:39:07","modified_gmt":"2026-04-02T09:39:07","slug":"odrzan-regionalni-seminar-za-novinare-o-radnickim-pravima-i-ekonomskoj-pravdi","status":"publish","type":"post","link":"https:\/\/musineinstitute.org\/sr\/odrzan-regionalni-seminar-za-novinare-o-radnickim-pravima-i-ekonomskoj-pravdi\/","title":{"rendered":"Odr\u017ean Regionalni Seminar za Novinare o Radni\u010dkim Pravima i Ekonomskoj Pravdi"},"content":{"rendered":"\n<p>Institut za dru\u0161tvenu politiku <em>Musine Kokalari<\/em>, u saradnji sa <strong>Centar za Politiku Emancipacije (CPE)<\/strong>, organizovao je dvodnevni seminar za novinare, fokusiran na <strong>radni\u010dka prava<\/strong> i <strong>ekonomsku pravdu<\/strong>.<\/p>\n\n<p>Seminar je odr\u017ean online i okupio je mlade novinare i medijske profesionalce iz <strong>Kosova, Srbije, Crne Gore, Severne Makedonije, Bosne i Hercegovine<\/strong> i <strong>Albanije<\/strong>. Cilj je bio ja\u010danje njihovih kapaciteta za eti\u010dko i istra\u017eiva\u010dko izve\u0161tavanje o pitanjima rada i ekonomije.<\/p>\n\n<p>Program je obuhvatio klju\u010dne teme: koncepti i pravni okviri <em>decent work<\/em> i prava radnika; socio-ekonomski izazovi u zemljama u post-tranziciji; kori\u0161\u0107enje alata <strong>Decent Work Balkans (DWB)<\/strong> za istra\u017eiva\u010dko novinarstvo; eti\u010dko izve\u0161tavanje i narativne tehnike; zakonodavstvo o <em>due diligence<\/em> i korporativna odgovornost.<\/p>\n\n<p>Na prvom sesionu, <strong>\u201cMapiranje stvarnosti dostojanstvenog rada u Zapadnom Balkanu\u201d<\/strong>, predava\u010di su bili <strong>Visar Ymeri<\/strong> i <strong>Vladimir Simovi\u0107<\/strong>. Oni su pru\u017eili pregled socio-ekonomskih izazova koji uti\u010du na prava radnika, zasnovan na dvogodi\u0161njim <em>DWB fact-sheets<\/em>, i predstavili prakti\u010dne alate za istra\u017eivanja zasnovana na dokazima i bolje razumevanje regionalne dinamike dostojanstvenog rada.<\/p>\n\n<p>Drugi deo prvog dana fokusirao se na <strong>etiku, narative i pri\u010de radnika<\/strong>, a vodio ga je novinar <strong>Eraldin Fazliu<\/strong> iz KTV-a, sa fokusom na razvoj eti\u010dkih i sna\u017enih pri\u010da koje adresiraju strukturne nepravde.<\/p>\n\n<p>Drugi dan je zapo\u010deo sesionom <strong>\u201cGlobalni lanci snabdevanja i korporativna odgovornost\u201d<\/strong>, koji je vodila <strong>Bojana Tamind\u017eija<\/strong>, gde se analiziralo stanje radni\u010dkih prava u globalnim lancima snabdevanja i uticaj multinacionalnih korporacija na standarde rada i ekonomsku pravdu.<\/p>\n\n<p>Seminar je zavr\u0161en predavanjem istra\u017eiva\u010dkog novinara <strong>Sa\u0161e Dragojla<\/strong> iz BIRN-a, pod nazivom <strong>\u201cNovinarstvo i radni\u010dka prava: izme\u0111u svedo\u010denja i \u010dinjenica\u201d<\/strong>, koje je bilo fokusirano na balansiranje terenskih svedo\u010denja sa verifikovanim \u010dinjenicama, nagla\u0161avaju\u0107i klju\u010dnu ulogu novinarstva u za\u0161titi radni\u010dkih prava.<\/p>\n\n<p>Ovaj seminar predstavljao je va\u017ean korak u ja\u010danju kriti\u010dkog novinarstva u regionu i unapre\u0111enju profesionalnih kapaciteta za izve\u0161tavanje o pitanjima rada. Stvorio je prostor za saradnju me\u0111u novinarima iz razli\u010ditih zemalja Zapadnog Balkana i istakao potrebu za koordinisanim pristupima socio-ekonomskim izazovima koji poga\u0111aju radnike.<\/p>\n\n<p>Ova aktivnost je organizovana u okviru projekta <strong>\u201cActivities for Promoting and Advancing Decent Work in Western Balkans Countries\u201d<\/strong>, koji podr\u017eava <strong>European Fund for the Balkans (EFB)<\/strong>, deo Mre\u017ee evropskih fondacija.<\/p>\n\n<figure class=\"wp-block-gallery has-nested-images columns-default is-cropped wp-block-gallery-1 is-layout-flex wp-block-gallery-is-layout-flex\">\n<figure class=\"wp-block-image size-large\"><img fetchpriority=\"high\" decoding=\"async\" width=\"1024\" height=\"542\" data-id=\"9030\" src=\"https:\/\/musineinstitute.org\/wp-content\/uploads\/2025\/12\/Screenshot-2025-12-02-102350-1024x542.png\" alt=\"\" class=\"wp-image-9030\" srcset=\"https:\/\/musineinstitute.org\/wp-content\/uploads\/2025\/12\/Screenshot-2025-12-02-102350-1024x542.png 1024w, https:\/\/musineinstitute.org\/wp-content\/uploads\/2025\/12\/Screenshot-2025-12-02-102350-300x159.png 300w, https:\/\/musineinstitute.org\/wp-content\/uploads\/2025\/12\/Screenshot-2025-12-02-102350-768x406.png 768w, https:\/\/musineinstitute.org\/wp-content\/uploads\/2025\/12\/Screenshot-2025-12-02-102350-1536x813.png 1536w, https:\/\/musineinstitute.org\/wp-content\/uploads\/2025\/12\/Screenshot-2025-12-02-102350.png 1905w\" sizes=\"(max-width: 1024px) 100vw, 1024px\" \/><\/figure>\n\n\n\n<figure class=\"wp-block-image size-large\"><img decoding=\"async\" width=\"1024\" height=\"517\" data-id=\"9033\" src=\"https:\/\/musineinstitute.org\/wp-content\/uploads\/2025\/12\/Day-2--1024x517.png\" alt=\"\" class=\"wp-image-9033\" srcset=\"https:\/\/musineinstitute.org\/wp-content\/uploads\/2025\/12\/Day-2--1024x517.png 1024w, https:\/\/musineinstitute.org\/wp-content\/uploads\/2025\/12\/Day-2--300x151.png 300w, https:\/\/musineinstitute.org\/wp-content\/uploads\/2025\/12\/Day-2--768x387.png 768w, https:\/\/musineinstitute.org\/wp-content\/uploads\/2025\/12\/Day-2--1536x775.png 1536w, https:\/\/musineinstitute.org\/wp-content\/uploads\/2025\/12\/Day-2-.png 1907w\" sizes=\"(max-width: 1024px) 100vw, 1024px\" \/><\/figure>\n\n\n\n<figure class=\"wp-block-image size-large\"><img decoding=\"async\" width=\"1024\" height=\"515\" data-id=\"9039\" src=\"https:\/\/musineinstitute.org\/wp-content\/uploads\/2025\/12\/day-2_Sasa-1024x515.png\" alt=\"\" class=\"wp-image-9039\" srcset=\"https:\/\/musineinstitute.org\/wp-content\/uploads\/2025\/12\/day-2_Sasa-1024x515.png 1024w, https:\/\/musineinstitute.org\/wp-content\/uploads\/2025\/12\/day-2_Sasa-300x151.png 300w, https:\/\/musineinstitute.org\/wp-content\/uploads\/2025\/12\/day-2_Sasa-768x386.png 768w, https:\/\/musineinstitute.org\/wp-content\/uploads\/2025\/12\/day-2_Sasa-1536x772.png 1536w, https:\/\/musineinstitute.org\/wp-content\/uploads\/2025\/12\/day-2_Sasa.png 1910w\" sizes=\"(max-width: 1024px) 100vw, 1024px\" \/><\/figure>\n<\/figure>\n\n<p><\/p>\n","protected":false},"excerpt":{"rendered":"<p>Institut za dru\u0161tvenu politiku Musine Kokalari, u saradnji sa Centar za Politiku Emancipacije (CPE), organizovao je dvodnevni seminar za novinare, fokusiran na radni\u010dka prava i ekonomsku pravdu. Seminar je odr\u017ean online i okupio je mlade novinare i medijske profesionalce iz Kosova, Srbije, Crne Gore, Severne Makedonije, Bosne i Hercegovine i Albanije. Cilj je bio ja\u010danje [&hellip;]<\/p>\n","protected":false},"author":4,"featured_media":9029,"comment_status":"open","ping_status":"open","sticky":false,"template":"","format":"standard","meta":{"footnotes":""},"categories":[18,63,59,49],"tags":[],"class_list":["post-9045","post","type-post","status-publish","format-standard","has-post-thumbnail","hentry","category-balline-sr","category-odnosi-kosova-i-srbije","category-obrazovanje","category-vesti"],"_links":{"self":[{"href":"https:\/\/musineinstitute.org\/sr\/wp-json\/wp\/v2\/posts\/9045","targetHints":{"allow":["GET"]}}],"collection":[{"href":"https:\/\/musineinstitute.org\/sr\/wp-json\/wp\/v2\/posts"}],"about":[{"href":"https:\/\/musineinstitute.org\/sr\/wp-json\/wp\/v2\/types\/post"}],"author":[{"embeddable":true,"href":"https:\/\/musineinstitute.org\/sr\/wp-json\/wp\/v2\/users\/4"}],"replies":[{"embeddable":true,"href":"https:\/\/musineinstitute.org\/sr\/wp-json\/wp\/v2\/comments?post=9045"}],"version-history":[{"count":1,"href":"https:\/\/musineinstitute.org\/sr\/wp-json\/wp\/v2\/posts\/9045\/revisions"}],"predecessor-version":[{"id":9046,"href":"https:\/\/musineinstitute.org\/sr\/wp-json\/wp\/v2\/posts\/9045\/revisions\/9046"}],"wp:featuredmedia":[{"embeddable":true,"href":"https:\/\/musineinstitute.org\/sr\/wp-json\/wp\/v2\/media\/9029"}],"wp:attachment":[{"href":"https:\/\/musineinstitute.org\/sr\/wp-json\/wp\/v2\/media?parent=9045"}],"wp:term":[{"taxonomy":"category","embeddable":true,"href":"https:\/\/musineinstitute.org\/sr\/wp-json\/wp\/v2\/categories?post=9045"},{"taxonomy":"post_tag","embeddable":true,"href":"https:\/\/musineinstitute.org\/sr\/wp-json\/wp\/v2\/tags?post=9045"}],"curies":[{"name":"wp","href":"https:\/\/api.w.org\/{rel}","templated":true}]}}