{"id":7873,"date":"2025-08-01T13:17:53","date_gmt":"2025-08-01T13:17:53","guid":{"rendered":"https:\/\/musineinstitute.org\/dijalog-sa-zajednicom-srpska-zajednica-u-regionu-anamorave\/"},"modified":"2025-10-02T09:38:14","modified_gmt":"2025-10-02T09:38:14","slug":"dijalog-sa-zajednicom-srpska-zajednica-u-regionu-anamorave","status":"publish","type":"post","link":"https:\/\/musineinstitute.org\/sr\/dijalog-sa-zajednicom-srpska-zajednica-u-regionu-anamorave\/","title":{"rendered":"Dijalog sa zajednicom \u2013 Srpska zajednica u regionu Pomoravlje"},"content":{"rendered":"\n<p>U okviru aktivnosti <strong>\u201eDijalog sa zajednicom\u201c,<\/strong> 29. jula je odr\u017eana diskusija sa \u010dlanovima srpske zajednice, predstavnicima javnih institucija i gra\u0111anima iz op\u0161tina Gnjilane, Novo Brdo, Klokot i Parte\u0161.<\/p>\n\n<p>Cilj ovog sastanka bio je da se iz prve ruke \u010duju iskustva o svakodnevnom \u017eivotu, me\u0111uetni\u010dkim odnosima, pristupu institucijama i pogledima zajednice na budu\u0107nost.<\/p>\n\n<p>U\u010desnici su opisali realnost obele\u017eenu ekonomskim te\u0161ko\u0107ama, nedostatkom mogu\u0107nosti za zapo\u0161ljavanje, posebno u ruralnim podru\u010djima, i sve ve\u0107om socijalnom nesigurno\u0161\u0107u. Zatvaranje usluga iz institucija koje funkcioni\u0161u po sistemu Srbije i ga\u0161enje Komercijalne banke, nakon zabrane upotrebe srpskog dinara, dodatno su ote\u017eali pristup osnovnoj finansijskoj podr\u0161ci. Migracija je istaknuta kao ozbiljan problem prema re\u010dima u\u010desnika, skoro polovina lokalnog srpskog stanovni\u0161tva napustila je Kosovo tokom protekle decenije.<\/p>\n\n<p>Me\u0111uetni\u010dki odnosi opisani su kao hladni i uglavnom formalni, ote\u017eani jezi\u010dkim barijerama i nedostatkom su\u0161tinske me\u0111uzajedni\u010dke razmene.<\/p>\n\n<p>Politi\u010dka zastupljenost na centralnom nivou do\u017eivljava se kao slaba i nepovezana sa stvarnim potrebama zajednice. Istovremeno, decentralizacija se ne vidi kao faktor koji je zna\u010dajno pobolj\u0161ao pristup javnim uslugama ili doprineo integraciji zajednice. Nedostatak osoblja koje govori srpski jezik u centralnim institucijama ostaje ozbiljna prepreka.<\/p>\n\n<p>Ekonomska saradnja izme\u0111u zajednica ostaje ograni\u010dena. U\u010desnici su naglasili potrebu za ve\u0107im ulaganjima, institucionalnom podr\u0161kom malim preduze\u0107ima i pobolj\u0161anjem infrastrukture, naro\u010dito u ruralnim i izolovanijim podru\u010djima.<\/p>\n\n<p>Gra\u0111ansko u\u010de\u0161\u0107e u politi\u010dkim procesima i lokalnim inicijativama je nisko, zbog odsustva efikasnih mehanizama za me\u0111uetni\u010dki dijalog i uklju\u010divanje zajednice. Ipak, u\u010desnici su izrazili nadu da bi ja\u010de institucionalno anga\u017eovanje, po\u0161tovanje jezi\u010dkih prava i pobolj\u0161anje ekonomskih uslova mogli doprineti ja\u010danju integracije i zajedni\u010dkog \u017eivota.<\/p>\n\n<p>Ovaj dijalog potvr\u0111uje hitnu potrebu za stalnim anga\u017emanom i kontinuiranom institucionalnom pa\u017enjom kako bi se osiguralo da se glasovi svih zajednica \u010duju i uzmu u obzir u razvojnim procesima na Kosovu.<\/p>\n\n<p><em>Ova aktivnost je sprovedena u okviru projekta \u201e<strong>Podsticanje politi\u010dkog dijaloga o me\u0111uetni\u010dkoj i socijalnoj koheziji\u201c,<\/strong> uz podr\u0161ku <strong>National Endowment for Democracy (NED)<\/strong>, a implementirao ju je <strong>Institut za socijalne politike Musine Kokalari<\/strong>.<\/em><\/p>\n\n<figure class=\"wp-block-gallery has-nested-images columns-default is-cropped wp-block-gallery-1 is-layout-flex wp-block-gallery-is-layout-flex\">\n<figure class=\"wp-block-image size-large\"><img fetchpriority=\"high\" decoding=\"async\" width=\"1024\" height=\"768\" data-id=\"7857\" src=\"https:\/\/musineinstitute.org\/wp-content\/uploads\/2025\/08\/P1027293-1024x768.jpg\" alt=\"\" class=\"wp-image-7857\" srcset=\"https:\/\/musineinstitute.org\/wp-content\/uploads\/2025\/08\/P1027293-1024x768.jpg 1024w, https:\/\/musineinstitute.org\/wp-content\/uploads\/2025\/08\/P1027293-300x225.jpg 300w, https:\/\/musineinstitute.org\/wp-content\/uploads\/2025\/08\/P1027293-768x576.jpg 768w, https:\/\/musineinstitute.org\/wp-content\/uploads\/2025\/08\/P1027293-1536x1152.jpg 1536w, https:\/\/musineinstitute.org\/wp-content\/uploads\/2025\/08\/P1027293-2048x1536.jpg 2048w\" sizes=\"(max-width: 1024px) 100vw, 1024px\" \/><\/figure>\n\n\n\n<figure class=\"wp-block-image size-large\"><img decoding=\"async\" width=\"1024\" height=\"768\" data-id=\"7860\" src=\"https:\/\/musineinstitute.org\/wp-content\/uploads\/2025\/08\/P1027297-1024x768.jpg\" alt=\"\" class=\"wp-image-7860\" srcset=\"https:\/\/musineinstitute.org\/wp-content\/uploads\/2025\/08\/P1027297-1024x768.jpg 1024w, https:\/\/musineinstitute.org\/wp-content\/uploads\/2025\/08\/P1027297-300x225.jpg 300w, https:\/\/musineinstitute.org\/wp-content\/uploads\/2025\/08\/P1027297-768x576.jpg 768w, https:\/\/musineinstitute.org\/wp-content\/uploads\/2025\/08\/P1027297-1536x1152.jpg 1536w, https:\/\/musineinstitute.org\/wp-content\/uploads\/2025\/08\/P1027297-2048x1536.jpg 2048w\" sizes=\"(max-width: 1024px) 100vw, 1024px\" \/><\/figure>\n\n\n\n<figure class=\"wp-block-image size-large\"><img decoding=\"async\" width=\"1024\" height=\"768\" data-id=\"7866\" src=\"https:\/\/musineinstitute.org\/wp-content\/uploads\/2025\/08\/P1027302-1024x768.jpg\" alt=\"\" class=\"wp-image-7866\" srcset=\"https:\/\/musineinstitute.org\/wp-content\/uploads\/2025\/08\/P1027302-1024x768.jpg 1024w, https:\/\/musineinstitute.org\/wp-content\/uploads\/2025\/08\/P1027302-300x225.jpg 300w, https:\/\/musineinstitute.org\/wp-content\/uploads\/2025\/08\/P1027302-768x576.jpg 768w, https:\/\/musineinstitute.org\/wp-content\/uploads\/2025\/08\/P1027302-1536x1152.jpg 1536w, https:\/\/musineinstitute.org\/wp-content\/uploads\/2025\/08\/P1027302-2048x1536.jpg 2048w\" sizes=\"(max-width: 1024px) 100vw, 1024px\" \/><\/figure>\n<\/figure>\n","protected":false},"excerpt":{"rendered":"<p>U okviru aktivnosti \u201eDijalog sa zajednicom\u201c, 29. jula je odr\u017eana diskusija sa \u010dlanovima srpske zajednice, predstavnicima javnih institucija i gra\u0111anima iz op\u0161tina Gnjilane, Novo Brdo, Klokot i Parte\u0161. Cilj ovog sastanka bio je da se iz prve ruke \u010duju iskustva o svakodnevnom \u017eivotu, me\u0111uetni\u010dkim odnosima, pristupu institucijama i pogledima zajednice na budu\u0107nost. U\u010desnici su opisali [&hellip;]<\/p>\n","protected":false},"author":4,"featured_media":7856,"comment_status":"open","ping_status":"open","sticky":false,"template":"","format":"standard","meta":{"footnotes":""},"categories":[18,59,49],"tags":[],"class_list":["post-7873","post","type-post","status-publish","format-standard","has-post-thumbnail","hentry","category-balline-sr","category-obrazovanje","category-vesti"],"_links":{"self":[{"href":"https:\/\/musineinstitute.org\/sr\/wp-json\/wp\/v2\/posts\/7873","targetHints":{"allow":["GET"]}}],"collection":[{"href":"https:\/\/musineinstitute.org\/sr\/wp-json\/wp\/v2\/posts"}],"about":[{"href":"https:\/\/musineinstitute.org\/sr\/wp-json\/wp\/v2\/types\/post"}],"author":[{"embeddable":true,"href":"https:\/\/musineinstitute.org\/sr\/wp-json\/wp\/v2\/users\/4"}],"replies":[{"embeddable":true,"href":"https:\/\/musineinstitute.org\/sr\/wp-json\/wp\/v2\/comments?post=7873"}],"version-history":[{"count":3,"href":"https:\/\/musineinstitute.org\/sr\/wp-json\/wp\/v2\/posts\/7873\/revisions"}],"predecessor-version":[{"id":7999,"href":"https:\/\/musineinstitute.org\/sr\/wp-json\/wp\/v2\/posts\/7873\/revisions\/7999"}],"wp:featuredmedia":[{"embeddable":true,"href":"https:\/\/musineinstitute.org\/sr\/wp-json\/wp\/v2\/media\/7856"}],"wp:attachment":[{"href":"https:\/\/musineinstitute.org\/sr\/wp-json\/wp\/v2\/media?parent=7873"}],"wp:term":[{"taxonomy":"category","embeddable":true,"href":"https:\/\/musineinstitute.org\/sr\/wp-json\/wp\/v2\/categories?post=7873"},{"taxonomy":"post_tag","embeddable":true,"href":"https:\/\/musineinstitute.org\/sr\/wp-json\/wp\/v2\/tags?post=7873"}],"curies":[{"name":"wp","href":"https:\/\/api.w.org\/{rel}","templated":true}]}}