{"id":7690,"date":"2025-07-28T07:56:27","date_gmt":"2025-07-28T07:56:27","guid":{"rendered":"https:\/\/musineinstitute.org\/vlada-tretira-osobe-sa-posebnim-potrebama-kao-socijalne-slucajeve-a-budzet-ne-pokriva-njihove-potrebe-za-dobrobiti\/"},"modified":"2025-07-28T07:56:28","modified_gmt":"2025-07-28T07:56:28","slug":"vlada-tretira-osobe-sa-posebnim-potrebama-kao-socijalne-slucajeve-a-budzet-ne-pokriva-njihove-potrebe-za-dobrobiti","status":"publish","type":"post","link":"https:\/\/musineinstitute.org\/sr\/vlada-tretira-osobe-sa-posebnim-potrebama-kao-socijalne-slucajeve-a-budzet-ne-pokriva-njihove-potrebe-za-dobrobiti\/","title":{"rendered":"Vlada tretira osobe sa posebnim potrebama kao socijalne slu\u010dajeve, a bud\u017eet ne pokriva njihove potrebe za dobrobiti"},"content":{"rendered":"\n<p>Institut za socijalne politike \u201eMusine Kokalari\u201c smatra da bud\u017eet za 2021. godinu uklju\u010duje osobe sa posebnim potrebama samo u smislu socijalne pomo\u0107i, ali ne i druge usluge koje bi im zna\u010dajnije olak\u0161ale \u017eivot.<\/p>\n\n<p>Bud\u017eet za 2021. godinu predvi\u0111a dodatnih 17.650.000 evra za penzije osoba sa posebnim potrebama, ali nema finansijskih sredstava za re\u0161avanje drugih problema njihove dobrobiti. Iz onoga \u0161to smo videli u bud\u017eetu za 2021. godinu, jasno je da nisu predvi\u0111ena sredstva za prilago\u0111avanje infrastrukture za osobe sa posebnim potrebama, osim 15.535 evra prenetih iz 2020. godine. Tako\u0111e, nije predvi\u0111eno finansiranje za izgradnju rezidencijalnih centara za starije osobe i osobe sa posebnim potrebama.<\/p>\n\n<p>Danas, 3. decembra, na Me\u0111unarodni dan osoba sa posebnim potrebama, u Skup\u0161tini Kosova je konstatovano da je Republika Kosovo u\u010dinila vrlo malo da uspostavi adekvatne institucionalne, infrastrukturne i dru\u0161tvene mehanizme za potpuno zadovoljenje potreba osoba sa posebnim potrebama. Pobolj\u0161anje stanja u ovom pravcu je neophodno. Jer ljudska prava su univerzalna. Osobe sa posebnim potrebama su ravnopravne kao i svi ostali \u010dlanovi dru\u0161tva. Shodno tome, treba da imaju jednak pristup zdravstvenim, obrazovnim i zapo\u0161ljava\u010dkim uslugama i da aktivno u\u010destvuju u zajednici kako ne bi bile zapostavljene.<\/p>\n\n<p>Institut za socijalne politike \u201eMusine Kokalari\u201c smatra da je, kako bi se po\u0161tovale, vrednovale i pomogle osobe sa posebnim potrebama, potrebno vi\u0161e od re\u010di \u2013 potrebni su konkretni finansijski predlozi.<\/p>\n\n<p>Pri\u0161tina, 3. decembar 2020<\/p>\n","protected":false},"excerpt":{"rendered":"<p>Institut za socijalne politike \u201eMusine Kokalari\u201c smatra da bud\u017eet za 2021. godinu uklju\u010duje osobe sa posebnim potrebama samo u smislu socijalne pomo\u0107i, ali ne i druge usluge koje bi im zna\u010dajnije olak\u0161ale \u017eivot. Bud\u017eet za 2021. godinu predvi\u0111a dodatnih 17.650.000 evra za penzije osoba sa posebnim potrebama, ali nema finansijskih sredstava za re\u0161avanje drugih problema [&hellip;]<\/p>\n","protected":false},"author":1,"featured_media":208,"comment_status":"open","ping_status":"open","sticky":false,"template":"","format":"standard","meta":{"footnotes":""},"categories":[6],"tags":[],"class_list":["post-7690","post","type-post","status-publish","format-standard","has-post-thumbnail","hentry","category-uncategorized-sr"],"_links":{"self":[{"href":"https:\/\/musineinstitute.org\/sr\/wp-json\/wp\/v2\/posts\/7690","targetHints":{"allow":["GET"]}}],"collection":[{"href":"https:\/\/musineinstitute.org\/sr\/wp-json\/wp\/v2\/posts"}],"about":[{"href":"https:\/\/musineinstitute.org\/sr\/wp-json\/wp\/v2\/types\/post"}],"author":[{"embeddable":true,"href":"https:\/\/musineinstitute.org\/sr\/wp-json\/wp\/v2\/users\/1"}],"replies":[{"embeddable":true,"href":"https:\/\/musineinstitute.org\/sr\/wp-json\/wp\/v2\/comments?post=7690"}],"version-history":[{"count":1,"href":"https:\/\/musineinstitute.org\/sr\/wp-json\/wp\/v2\/posts\/7690\/revisions"}],"predecessor-version":[{"id":7691,"href":"https:\/\/musineinstitute.org\/sr\/wp-json\/wp\/v2\/posts\/7690\/revisions\/7691"}],"wp:featuredmedia":[{"embeddable":true,"href":"https:\/\/musineinstitute.org\/sr\/wp-json\/wp\/v2\/media\/208"}],"wp:attachment":[{"href":"https:\/\/musineinstitute.org\/sr\/wp-json\/wp\/v2\/media?parent=7690"}],"wp:term":[{"taxonomy":"category","embeddable":true,"href":"https:\/\/musineinstitute.org\/sr\/wp-json\/wp\/v2\/categories?post=7690"},{"taxonomy":"post_tag","embeddable":true,"href":"https:\/\/musineinstitute.org\/sr\/wp-json\/wp\/v2\/tags?post=7690"}],"curies":[{"name":"wp","href":"https:\/\/api.w.org\/{rel}","templated":true}]}}