{"id":7248,"date":"2025-07-23T07:58:08","date_gmt":"2025-07-23T07:58:08","guid":{"rendered":"https:\/\/musineinstitute.org\/institut-za-socijalne-politike-musine-kokalari-pridruzio-se-paradi-ponosa-u-znak-solidarnosti-sa-osobama-lgbtqia\/"},"modified":"2025-07-23T07:58:09","modified_gmt":"2025-07-23T07:58:09","slug":"institut-za-socijalne-politike-musine-kokalari-pridruzio-se-paradi-ponosa-u-znak-solidarnosti-sa-osobama-lgbtqia","status":"publish","type":"post","link":"https:\/\/musineinstitute.org\/sr\/institut-za-socijalne-politike-musine-kokalari-pridruzio-se-paradi-ponosa-u-znak-solidarnosti-sa-osobama-lgbtqia\/","title":{"rendered":"Institut za socijalne politike \u2018Musine Kokalari\u2019 pridru\u017eio se Paradi ponosa u znak solidarnosti sa osobama LGBTQIA+"},"content":{"rendered":"\n<p>Danas je peti put odr\u017eana Parada ponosa u Pri\u0161tini pod sloganom \u2018Zajedno i ponosni\u2019. Stotine gra\u0111ana i gra\u0111anki, aktivista i aktivistkinja pridru\u017eili su se \u0161etnji koja slavi osobe iz LGBTQIA+ zajednice, poziva na po\u0161tovanje ljudskih prava i sloboda, dru\u0161tvenu solidarnost i institucionalnu odgovornost.<\/p>\n\n<p>Ovaj dan, osim simboli\u010dnog karaktera, treba da podseti javnost na vi\u0161estruke izazove sa kojima se suo\u010dava LGBTQIA+ zajednica na Kosovu. Iako su osobe iz LGBTQIA+ zajednice za\u0161ti\u0107ene zakonom i me\u0111unarodnim pravom, ova zajednica ima znatno manje mogu\u0107nosti u dru\u0161tvu, do\u017eivljava znatno vi\u0161e fizi\u010dkog, psiholo\u0161kog i ekonomskog nasilja, kao i da i dalje ne dobija pravi\u010dan tretman od strane dr\u017eave. Polni identitet i seksualna orijentacija ne smeju biti povod za kolektivnu i institucionalnu diskriminaciju. Stoga dr\u017eava i dru\u0161tvo treba da budu svesni vi\u0161estruke diskriminacije kojoj je ova zajednica izlo\u017eena i da doprinesu stvaranju sigurnog i ravnopravnog okru\u017eenja za sve.<\/p>\n","protected":false},"excerpt":{"rendered":"<p>Danas je peti put odr\u017eana Parada ponosa u Pri\u0161tini pod sloganom \u2018Zajedno i ponosni\u2019. Stotine gra\u0111ana i gra\u0111anki, aktivista i aktivistkinja pridru\u017eili su se \u0161etnji koja slavi osobe iz LGBTQIA+ zajednice, poziva na po\u0161tovanje ljudskih prava i sloboda, dru\u0161tvenu solidarnost i institucionalnu odgovornost. Ovaj dan, osim simboli\u010dnog karaktera, treba da podseti javnost na vi\u0161estruke izazove [&hellip;]<\/p>\n","protected":false},"author":2,"featured_media":1015,"comment_status":"open","ping_status":"open","sticky":false,"template":"","format":"standard","meta":{"footnotes":""},"categories":[6],"tags":[],"class_list":["post-7248","post","type-post","status-publish","format-standard","has-post-thumbnail","hentry","category-uncategorized-sr"],"_links":{"self":[{"href":"https:\/\/musineinstitute.org\/sr\/wp-json\/wp\/v2\/posts\/7248","targetHints":{"allow":["GET"]}}],"collection":[{"href":"https:\/\/musineinstitute.org\/sr\/wp-json\/wp\/v2\/posts"}],"about":[{"href":"https:\/\/musineinstitute.org\/sr\/wp-json\/wp\/v2\/types\/post"}],"author":[{"embeddable":true,"href":"https:\/\/musineinstitute.org\/sr\/wp-json\/wp\/v2\/users\/2"}],"replies":[{"embeddable":true,"href":"https:\/\/musineinstitute.org\/sr\/wp-json\/wp\/v2\/comments?post=7248"}],"version-history":[{"count":1,"href":"https:\/\/musineinstitute.org\/sr\/wp-json\/wp\/v2\/posts\/7248\/revisions"}],"predecessor-version":[{"id":7249,"href":"https:\/\/musineinstitute.org\/sr\/wp-json\/wp\/v2\/posts\/7248\/revisions\/7249"}],"wp:featuredmedia":[{"embeddable":true,"href":"https:\/\/musineinstitute.org\/sr\/wp-json\/wp\/v2\/media\/1015"}],"wp:attachment":[{"href":"https:\/\/musineinstitute.org\/sr\/wp-json\/wp\/v2\/media?parent=7248"}],"wp:term":[{"taxonomy":"category","embeddable":true,"href":"https:\/\/musineinstitute.org\/sr\/wp-json\/wp\/v2\/categories?post=7248"},{"taxonomy":"post_tag","embeddable":true,"href":"https:\/\/musineinstitute.org\/sr\/wp-json\/wp\/v2\/tags?post=7248"}],"curies":[{"name":"wp","href":"https:\/\/api.w.org\/{rel}","templated":true}]}}