{"id":7242,"date":"2025-07-22T14:05:05","date_gmt":"2025-07-22T14:05:05","guid":{"rendered":"https:\/\/musineinstitute.org\/izvestaj-vlade-100-dana-preokreta-ka-razvoju-23-mart-1-jul-2021-potvrdjuje-njene-zaostatke-u-socijalnoj-politici-i-zanemarivanje-marginalizovanih-grupa\/"},"modified":"2025-07-22T14:05:05","modified_gmt":"2025-07-22T14:05:05","slug":"izvestaj-vlade-100-dana-preokreta-ka-razvoju-23-mart-1-jul-2021-potvrdjuje-njene-zaostatke-u-socijalnoj-politici-i-zanemarivanje-marginalizovanih-grupa","status":"publish","type":"post","link":"https:\/\/musineinstitute.org\/sr\/izvestaj-vlade-100-dana-preokreta-ka-razvoju-23-mart-1-jul-2021-potvrdjuje-njene-zaostatke-u-socijalnoj-politici-i-zanemarivanje-marginalizovanih-grupa\/","title":{"rendered":"Izve\u0161taj Vlade \u201e100 dana preokreta ka razvoju 23. mart \u2013 1. jul 2021\u201c potvr\u0111uje njene zaostatke u socijalnoj politici i zanemarivanje marginalizovanih grupa"},"content":{"rendered":"\n<p>Vlada Republike Kosova, pod vo\u0111stvom premijera Kurtija, navr\u0161ila je prvih 100 dana mandata 1. jula ove godine. Izve\u0161taj o radu za prvih 100 dana dostavljen je od strane Vlade Skup\u0161tini, dok se danas, u ponedeljak 2. avgusta 2021, o njemu raspravlja u Skup\u0161tini Republike na zahtev opozicije.<\/p>\n\n<p>Izve\u0161taj o prvih 100 dana Vlade Kurti II nosi naslov \u201e<em>100 dana preokreta ka razvoju 23. mart \u2013 1. jul 2021<\/em>\u201c. Institut za dru\u0161tvene politike \u201eMusine Kokalari\u201c uradio je analizu ovog izve\u0161taja, fokusiraju\u0107i se na socijalna pitanja i odluke koje se ti\u010du oblasti prava i socijalne za\u0161tite. Tako\u0111e, deo analize je i pore\u0111enje izve\u0161taja o 100 dana sa obe\u0107anjima premijera i Vlade.<\/p>\n\n<p>Uop\u0161teno gledano, tokom ovih 100 dana, Vlada Kosova je bila karakterisana sa dva glavna aspekta: retkim javnim nastupima premijera, ali i ministara, posebno kada je re\u010d o suo\u010davanju sa predstavnicima medija, \u0161to \u010dini rad vlade netransparentnim (posebno u vezi sa skandalima za koje je ova vlada bila optu\u017eena), i sa druge strane, predstavljanjem veoma va\u017enih projekata, ali bez detaljnih obja\u0161njenja kako \u0107e oni izgledati i kako \u0107e biti realizovani.<\/p>\n\n<p>Izve\u0161taj Vlade \u201e100 dana preokreta ka razvoju 23. mart \u2013 1. jul 2021\u201c potvr\u0111uje njene zaostatke u socijalnim politikama i zanemarivanje marginalizovanih grupa.<\/p>\n\n<p><strong>Vakcinacija sa zaka\u0161njenjem<\/strong><\/p>\n\n<p>Smatramo da je jedna od pozitivnih stvari potpisivanje ugovora za vakcine protiv Covid-19, iako prema zvani\u010dnim podacima proces vakcinacije ima zastoje kako u broju tako i u samom procesu. U medijskim izve\u0161tajima navodi se da postoji velika \u010dekanja gra\u0111ana za vakcinaciju, dok je saop\u0161teno da osoblje vakcinalnih centara radi od ponedeljka do petka.<\/p>\n\n<p>S obzirom da je Vlada svesna da je situacija sa pandemijom izuzetna, izvr\u0161na vlast bi trebalo da pove\u0107a kapacitete kako bi ovaj proces mogao da se nastavi i subotom i nedeljom. Vakcinacija bi mogla biti omogu\u0107ena i za gra\u0111ane u gradovima u kojima rade, kako bi im bilo lak\u0161e, bez potrebe da putuju do mesta prebivali\u0161ta i \u010dekaju u dugim redovima. Prema izve\u0161taju o prvih 100 dana, Ministarstvu zdravlja je opredeljeno 6,8 miliona evra za obezbe\u0111ivanje esencijalnih lekova, ali prema izvorima informacija, razli\u010dite op\u0161tine se i dalje suo\u010davaju sa nedostatkom insulina. Ovo je slu\u010daj iako je re\u010deno da je insulin obezbe\u0111en za narednih pet meseci.<\/p>\n\n<p>IPS \u201eMusine Kokalari\u201c zahteva od Ministarstva zdravlja da ozbiljno deluje prema najugro\u017eenijim grupama, sa fokusom na nemosna\u017eene romske, a\u0161kalijske i egip\u0107anske zajednice, kao i na osobe sa posebnim potrebama.<\/p>\n\n<p><strong>Vlada nastavlja praksu ad-hoc finansiranja socijalnih \u0161ema bez strategije za njihovu kodifikaciju<\/strong><\/p>\n\n<p>Vlada Kosova je pokazala kako \u0107e putem 8,5 miliona eura imati koristi korisnici socijalnih i penzionih \u0161ema, za isplatu dodatka od 30% na mese\u010dni iznos za korisnike socijalne pomo\u0107i, kao i za dodatnu isplatu korisnicima penzionih \u0161ema koji primaju manje od 100 eura mese\u010dno, za mesece april, maj i jun 2021. godine. Ova mera je obuhvatila 192.171 gra\u0111ana.<\/p>\n\n<p>IPS \u201cMusine Kokalari\u201d smatra da takva praksa ad-hoc mera i podr\u0161ke svim \u0161emama treba da se okon\u010da. U tom pravcu, Vlada treba da se fokusira na izradu jasne strategije kako bi u Skup\u0161tinu bila dostavljena kodifikacija svih \u0161ema.<\/p>\n\n<p><strong>Potpuno zanemarivanje LGBTQA+ zajednice i osoba sa posebnim potrebama \u2013 Simboli\u010dna podr\u0161ka etni\u010dkim manjinama<\/strong><\/p>\n\n<p>Vlada Kosova je prijavila izgradnju 2 ku\u0107e i jo\u0161 8 u fazi izgradnje, zatim 10 porodi\u010dnih harmonizovanih paketa i 68 stimulativnih fondova (grantova) za generisanje prihoda i gra\u0111evinskog materijala za 10 porodica. Sa druge strane, iz \u201ePrograma EU za stabilizaciju zajednica \u2013 Faza tri\u201c podr\u017eano je 41 individualni projekat za pokretanje malih preduze\u0107a i 7 infrastrukturnih projekata za zajednice.<\/p>\n\n<p>U izve\u0161taju o prvih 100 dana uop\u0161te se ne pominju mnoge marginalizovane zajednice, kao \u0161to su LGBTQA+ zajednica i osobe sa posebnim potrebama.<\/p>\n\n<p>IPS Musine Kokalari smatra da promocija i za\u0161tita prava zajednica ne sme da se svede samo na tehni\u010dke uslove \u017eivota, ve\u0107 da obuhvati pru\u017eanje mogu\u0107nosti za obrazovanje, edukaciju, kao i za zdravstvenu za\u0161titu i dobrobit, ne samo za manjinske etni\u010dke zajednice, ve\u0107 i za druge marginalizovane grupe.<\/p>\n\n<p><strong>Zastoje u primeni Stamboljske konvencije i ignorisanje Centara za socijalni rad<\/strong><\/p>\n\n<p>Sa pravom, Vlada je imenovala Nacionalnu koordinatorku za za\u0161titu od porodi\u010dnog nasilja, kroz koju je funkcionalizovana me\u0111uministarska grupa za re\u0161avanje pitanja porodi\u010dnog nasilja, \u010diji je zadatak &#8222;izrada strategije za re\u0161avanje pitanja porodi\u010dnog nasilja, kao i sprovo\u0111enje prvih analiza u smislu adresiranja pitanja proiza\u0161lih iz Stambolske konvencije i kreiranje bud\u017eetskih linija za prihvatili\u0161ta i za\u0161titu \u017ertava porodi\u010dnog nasilja&#8220;.<\/p>\n\n<p>Me\u0111utim, IPS \u201eMusine Kokalari\u201c smatra da je primena Istanbulske konvencije spora i nepotpuna. Odlaganje se odnosi na potrebne izmene Krivi\u010dnog zakonika, kako bi Istanbulska konvencija postala deo specifi\u010dnog zakonodavstva. Potrebno je sprovesti istra\u017eivanja i tra\u017eiti pomo\u0107 od odre\u0111enih zemalja koje su napravile zna\u010dajne pozitivne korake, kako bi ova konvencija imala efikasnu primenu.<\/p>\n\n<p>Vlada je kroz ovaj izve\u0161taj tako\u0111e obavestila o uvo\u0111enju priru\u010dnika za inkluzivno seksualno obrazovanje, koji su prilago\u0111eni za kori\u0161\u0107enje od prvog do dvanaestog razreda. Pove\u0107anje seksualnog uznemiravanja predstavlja fenomen koji i dalje postoji, pri \u010demu se posebno devoj\u010dice suo\u010davaju sa nasiljem i zlostavljanjem \u010dak i unutar \u0161kolskih objekata. IPS \u201eMusine Kokalari\u201c smatra da priru\u010dnici nisu dovoljni i zahteva od Vlade da tokom svog mandata uspostavi politike za uvo\u0111enje seksualnog obrazovanja kao obaveznog predmeta u \u0161kolskom kurikulumu.<\/p>\n\n<p>Centri za socijalni rad, koji su deo i lokalne samouprave, ali i Ministarstva finansija, rada i transfera, kao profesionalne javne ustanove na op\u0161tinskom nivou, nadle\u017ene za za\u0161titu gra\u0111ana u socijalnoj potrebi, nisu pomenuti ni u jednoj ta\u010dki izve\u0161taja o prvih 100 dana vlasti. Osim \u0161eme socijalne pomo\u0107i, Centri za socijalni rad su jedine institucije u zemlji koje pru\u017eaju 85 socijalnih usluga, uklju\u010duju\u0107i i porodi\u010dne socijalne usluge.<\/p>\n\n<p>Tako je, prethodna godina je kao posledica pandemije ostavila duboke posledice, slu\u017ee\u0107i kao katalizator ekonomske i dru\u0161tvene krize. Tako\u0111e je otkrila nedostatak kapaciteta socijalnih radnika u upravljanju mnogim slu\u010dajevima vezanim za socijalne i porodi\u010dne usluge, zbog \u010dega je neophodno kreirati socijalne politike za njihovu reformu.<\/p>\n","protected":false},"excerpt":{"rendered":"<p>Vlada Republike Kosova, pod vo\u0111stvom premijera Kurtija, navr\u0161ila je prvih 100 dana mandata 1. jula ove godine. Izve\u0161taj o radu za prvih 100 dana dostavljen je od strane Vlade Skup\u0161tini, dok se danas, u ponedeljak 2. avgusta 2021, o njemu raspravlja u Skup\u0161tini Republike na zahtev opozicije. Izve\u0161taj o prvih 100 dana Vlade Kurti II [&hellip;]<\/p>\n","protected":false},"author":2,"featured_media":803,"comment_status":"open","ping_status":"open","sticky":false,"template":"","format":"standard","meta":{"footnotes":""},"categories":[6],"tags":[],"class_list":["post-7242","post","type-post","status-publish","format-standard","has-post-thumbnail","hentry","category-uncategorized-sr"],"_links":{"self":[{"href":"https:\/\/musineinstitute.org\/sr\/wp-json\/wp\/v2\/posts\/7242","targetHints":{"allow":["GET"]}}],"collection":[{"href":"https:\/\/musineinstitute.org\/sr\/wp-json\/wp\/v2\/posts"}],"about":[{"href":"https:\/\/musineinstitute.org\/sr\/wp-json\/wp\/v2\/types\/post"}],"author":[{"embeddable":true,"href":"https:\/\/musineinstitute.org\/sr\/wp-json\/wp\/v2\/users\/2"}],"replies":[{"embeddable":true,"href":"https:\/\/musineinstitute.org\/sr\/wp-json\/wp\/v2\/comments?post=7242"}],"version-history":[{"count":1,"href":"https:\/\/musineinstitute.org\/sr\/wp-json\/wp\/v2\/posts\/7242\/revisions"}],"predecessor-version":[{"id":7243,"href":"https:\/\/musineinstitute.org\/sr\/wp-json\/wp\/v2\/posts\/7242\/revisions\/7243"}],"wp:featuredmedia":[{"embeddable":true,"href":"https:\/\/musineinstitute.org\/sr\/wp-json\/wp\/v2\/media\/803"}],"wp:attachment":[{"href":"https:\/\/musineinstitute.org\/sr\/wp-json\/wp\/v2\/media?parent=7242"}],"wp:term":[{"taxonomy":"category","embeddable":true,"href":"https:\/\/musineinstitute.org\/sr\/wp-json\/wp\/v2\/categories?post=7242"},{"taxonomy":"post_tag","embeddable":true,"href":"https:\/\/musineinstitute.org\/sr\/wp-json\/wp\/v2\/tags?post=7242"}],"curies":[{"name":"wp","href":"https:\/\/api.w.org\/{rel}","templated":true}]}}