{"id":7236,"date":"2025-07-22T13:31:57","date_gmt":"2025-07-22T13:31:57","guid":{"rendered":"https:\/\/musineinstitute.org\/ubistvo-u-ferizaju-otkriva-kriminalno-ponasanje-dela-drustva-i-uverenje-da-muskarac-ima-pravo-nad-telom-zene\/"},"modified":"2025-07-22T13:31:57","modified_gmt":"2025-07-22T13:31:57","slug":"ubistvo-u-ferizaju-otkriva-kriminalno-ponasanje-dela-drustva-i-uverenje-da-muskarac-ima-pravo-nad-telom-zene","status":"publish","type":"post","link":"https:\/\/musineinstitute.org\/sr\/ubistvo-u-ferizaju-otkriva-kriminalno-ponasanje-dela-drustva-i-uverenje-da-muskarac-ima-pravo-nad-telom-zene\/","title":{"rendered":"Ubistvo u Ferizaju otkriva kriminalno pona\u0161anje dela dru\u0161tva i uverenje da mu\u0161karac ima pravo nad telom \u017eene"},"content":{"rendered":"\n<p>Institut za dru\u0161tvene politike \u201eMusine Kokalari\u201c o\u0161tro osu\u0111uje ju\u010dera\u0161nje ubistvo 18-godi\u0161nje devojke u Uro\u0161evcu (Ferizaj). Izvr\u0161ioci ovog te\u0161kog zlo\u010dina moraju \u0161to pre biti prona\u0111eni i dobiti zaslu\u017eenu kaznu. Ovaj slu\u010daj predstavlja zlo\u010din sa najmanje dva krivi\u010dna dela: silovanje i ubistvo.<\/p>\n\n<p>Izvan pravnog aspekta, ovo je zlo\u010din protiv dru\u0161tva, protiv prava i sloboda \u017eena, prava i sloboda koja se svakodnevno ugro\u017eavaju i kr\u0161e. Ne smemo dozvoliti da nasilje zasnovano na polu postane norma u na\u0161oj zajednici, a kamoli ubistvo. Niko ne sme da se ose\u0107a nesigurno, pa ni \u017eene u odnosu na mu\u0161karce. Ubistva \u017eena i devojaka spadaju me\u0111u najte\u017ee zlo\u010dine protiv ljudskih prava, za koje je neophodna poja\u010dana i mudra reakcija, ve\u0107a svest i prakti\u010dne mere za pomo\u0107 \u017eenama koje se nalaze u takvim ugro\u017eenim situacijama.<\/p>\n\n<p>Ovaj slu\u010daj otkriva dva veoma problemati\u010dna dru\u0161tvena fenomena. Prvo je kriminalno pona\u0161anje jednog dela dru\u0161tva, kao \u0161to je slu\u010daj sa ova dva osumnji\u010dena. Takvi slu\u010dajevi se ne de\u0161avaju kao posledica trenutnog afekta. To su slo\u017eene misli koje su dugo vremena prisutne u svesti takvih osoba. Drugim re\u010dima, pravo koje odre\u0111eni ljudi sebi daju nad drugima koji su slabiji, samo zato \u0161to sebe ose\u0107aju ja\u010dim. Pitanje koje treba postaviti jeste \u0161ta kriminalce \u010dini da se ose\u0107aju ja\u010dim? Da li je to neka\u017enjivost? Drugi, jo\u0161 te\u017ei problem, jeste uverenje da mu\u0161karac ima pravo nad telom i voljom \u017eene, \u010dime se \u017eena pretvara u objekat. Na\u017ealost, ovo nije izolovan fenomen, ve\u0107 ima \u0161iroku ra\u0161irenost u dru\u0161tvu. Ono \u0161to je va\u017eno je da se manifestacija ovog fenomena ne zavr\u0161ava uvek fatalno, ali to ne umanjuje njegovu \u0161tetnost. U ovom slu\u010daju imamo dva mu\u0161karca koja ne prihvataju &#8222;NE&#8220; devojke i spremni su da do kraja idu sa ovim odbijanjem.<\/p>\n\n<p>Oni koji su izvr\u0161ili delo moraju dobiti zaslu\u017eenu kaznu. Ali, na\u017ealost, to nije dovoljno. Dru\u0161tvo u celini, a posebno mu\u0161karci, treba da shvate ovaj slu\u010daj kao alarm: trebalo bi da razmislimo kakvo dru\u0161tvo zaista jesmo, a ne da \u017eivimo u iluziji dru\u0161tva za koje mislimo da pripadamo.<\/p>\n\n<p>Pri\u0161tina, 23. avgust 2021<\/p>\n","protected":false},"excerpt":{"rendered":"<p>Institut za dru\u0161tvene politike \u201eMusine Kokalari\u201c o\u0161tro osu\u0111uje ju\u010dera\u0161nje ubistvo 18-godi\u0161nje devojke u Uro\u0161evcu (Ferizaj). Izvr\u0161ioci ovog te\u0161kog zlo\u010dina moraju \u0161to pre biti prona\u0111eni i dobiti zaslu\u017eenu kaznu. Ovaj slu\u010daj predstavlja zlo\u010din sa najmanje dva krivi\u010dna dela: silovanje i ubistvo. Izvan pravnog aspekta, ovo je zlo\u010din protiv dru\u0161tva, protiv prava i sloboda \u017eena, prava i [&hellip;]<\/p>\n","protected":false},"author":2,"featured_media":803,"comment_status":"open","ping_status":"open","sticky":false,"template":"","format":"standard","meta":{"footnotes":""},"categories":[6],"tags":[],"class_list":["post-7236","post","type-post","status-publish","format-standard","has-post-thumbnail","hentry","category-uncategorized-sr"],"_links":{"self":[{"href":"https:\/\/musineinstitute.org\/sr\/wp-json\/wp\/v2\/posts\/7236","targetHints":{"allow":["GET"]}}],"collection":[{"href":"https:\/\/musineinstitute.org\/sr\/wp-json\/wp\/v2\/posts"}],"about":[{"href":"https:\/\/musineinstitute.org\/sr\/wp-json\/wp\/v2\/types\/post"}],"author":[{"embeddable":true,"href":"https:\/\/musineinstitute.org\/sr\/wp-json\/wp\/v2\/users\/2"}],"replies":[{"embeddable":true,"href":"https:\/\/musineinstitute.org\/sr\/wp-json\/wp\/v2\/comments?post=7236"}],"version-history":[{"count":1,"href":"https:\/\/musineinstitute.org\/sr\/wp-json\/wp\/v2\/posts\/7236\/revisions"}],"predecessor-version":[{"id":7237,"href":"https:\/\/musineinstitute.org\/sr\/wp-json\/wp\/v2\/posts\/7236\/revisions\/7237"}],"wp:featuredmedia":[{"embeddable":true,"href":"https:\/\/musineinstitute.org\/sr\/wp-json\/wp\/v2\/media\/803"}],"wp:attachment":[{"href":"https:\/\/musineinstitute.org\/sr\/wp-json\/wp\/v2\/media?parent=7236"}],"wp:term":[{"taxonomy":"category","embeddable":true,"href":"https:\/\/musineinstitute.org\/sr\/wp-json\/wp\/v2\/categories?post=7236"},{"taxonomy":"post_tag","embeddable":true,"href":"https:\/\/musineinstitute.org\/sr\/wp-json\/wp\/v2\/tags?post=7236"}],"curies":[{"name":"wp","href":"https:\/\/api.w.org\/{rel}","templated":true}]}}