{"id":7226,"date":"2025-07-22T13:01:13","date_gmt":"2025-07-22T13:01:13","guid":{"rendered":"https:\/\/musineinstitute.org\/ips-musine-kokalari-u-skoli-u-korculi-hrvatska\/"},"modified":"2025-07-22T13:01:13","modified_gmt":"2025-07-22T13:01:13","slug":"ips-musine-kokalari-u-skoli-u-korculi-hrvatska","status":"publish","type":"post","link":"https:\/\/musineinstitute.org\/sr\/ips-musine-kokalari-u-skoli-u-korculi-hrvatska\/","title":{"rendered":"IPS \u201eMusine Kokalari\u201c u \u0160koli u Kor\u010duli, Hrvatska"},"content":{"rendered":"\n<p>Izvr\u0161ni direktor Instituta za dru\u0161tvene politike \u201eMusine Kokalari\u201c, Visar Ymeri, u\u010destvovao je na regionalnom zajedni\u010dkom panelu \u0160kole u Kor\u010duli u Hrvatskoj, gde su diskutovani politi\u010dki i socio-ekonomski razvoj regiona, kao i uloga koju trenutno imaju i koju treba da imaju progresivne politi\u010dke snage i organizacije civilnog dru\u0161tva. U okviru ove \u0161kole u\u010destvovali su i (biv\u0161i) regionalni poslanici i poslanici u Evropskom parlamentu iz redova socijaldemokratskih partija.<\/p>\n\n<p>Ove godine, diskusije na \u0160koli u Kor\u010duli, koja je odr\u017eana od 26. do 29. avgusta, bile su fokusirane na socio-ekonomske izazove proistekle iz pandemije COVID-19 i klimatskih promena, kao i na polo\u017eaj \u017eena u odnosu na ove promene, ali i u dru\u0161tvu uop\u0161te.<\/p>\n\n<p>Tom prilikom su istaknute tri stvari kao hitne potrebe za region:<\/p>\n\n<p>1\/ Da bi se suzbila klimatska i ekolo\u0161ka vanredna situacija, region hitno treba da transformi\u0161e ekonomije zemalja tako da ekonomski razvoj ne dovodi do ekolo\u0161ke degradacije;<br\/>2\/ Rodna ravnopravnost treba da bude glavna tema politike, od bud\u017eetiranja do strukture ekonomije, posebno u planiranju gradova u regionu;<br\/>3\/ Rad koji se obavlja u okviru ku\u0107ne nege, od brige o deci do nege starijih, ne sme ostati isklju\u010divo teret za \u017eene.<\/p>\n\n<p>\u0160kola u Kor\u010duli okuplja \u017eene i mu\u0161karce, lidere i aktiviste iz regiona i \u0161ire, kako bi diskutovali o politi\u010dkom, ekonomskom, dru\u0161tvenom i kulturnom aspektu rodne ravnopravnosti, kao i o \u017eenskom liderstvu u \u0161irem socijaldemokratskom i progresivnom kontekstu.<\/p>\n","protected":false},"excerpt":{"rendered":"<p>Izvr\u0161ni direktor Instituta za dru\u0161tvene politike \u201eMusine Kokalari\u201c, Visar Ymeri, u\u010destvovao je na regionalnom zajedni\u010dkom panelu \u0160kole u Kor\u010duli u Hrvatskoj, gde su diskutovani politi\u010dki i socio-ekonomski razvoj regiona, kao i uloga koju trenutno imaju i koju treba da imaju progresivne politi\u010dke snage i organizacije civilnog dru\u0161tva. U okviru ove \u0161kole u\u010destvovali su i (biv\u0161i) [&hellip;]<\/p>\n","protected":false},"author":2,"featured_media":1207,"comment_status":"open","ping_status":"open","sticky":false,"template":"","format":"standard","meta":{"footnotes":""},"categories":[6],"tags":[],"class_list":["post-7226","post","type-post","status-publish","format-standard","has-post-thumbnail","hentry","category-uncategorized-sr"],"_links":{"self":[{"href":"https:\/\/musineinstitute.org\/sr\/wp-json\/wp\/v2\/posts\/7226","targetHints":{"allow":["GET"]}}],"collection":[{"href":"https:\/\/musineinstitute.org\/sr\/wp-json\/wp\/v2\/posts"}],"about":[{"href":"https:\/\/musineinstitute.org\/sr\/wp-json\/wp\/v2\/types\/post"}],"author":[{"embeddable":true,"href":"https:\/\/musineinstitute.org\/sr\/wp-json\/wp\/v2\/users\/2"}],"replies":[{"embeddable":true,"href":"https:\/\/musineinstitute.org\/sr\/wp-json\/wp\/v2\/comments?post=7226"}],"version-history":[{"count":1,"href":"https:\/\/musineinstitute.org\/sr\/wp-json\/wp\/v2\/posts\/7226\/revisions"}],"predecessor-version":[{"id":7227,"href":"https:\/\/musineinstitute.org\/sr\/wp-json\/wp\/v2\/posts\/7226\/revisions\/7227"}],"wp:featuredmedia":[{"embeddable":true,"href":"https:\/\/musineinstitute.org\/sr\/wp-json\/wp\/v2\/media\/1207"}],"wp:attachment":[{"href":"https:\/\/musineinstitute.org\/sr\/wp-json\/wp\/v2\/media?parent=7226"}],"wp:term":[{"taxonomy":"category","embeddable":true,"href":"https:\/\/musineinstitute.org\/sr\/wp-json\/wp\/v2\/categories?post=7226"},{"taxonomy":"post_tag","embeddable":true,"href":"https:\/\/musineinstitute.org\/sr\/wp-json\/wp\/v2\/tags?post=7226"}],"curies":[{"name":"wp","href":"https:\/\/api.w.org\/{rel}","templated":true}]}}