{"id":7213,"date":"2025-07-22T11:35:59","date_gmt":"2025-07-22T11:35:59","guid":{"rendered":"https:\/\/musineinstitute.org\/konferencija-kosovo-srbija-drugaciji-pristup-oblikuje-nekoliko-alternativnih-narativa-u-odnosu-na-aktuelni-dominantni-diskurs\/"},"modified":"2025-07-22T11:35:59","modified_gmt":"2025-07-22T11:35:59","slug":"konferencija-kosovo-srbija-drugaciji-pristup-oblikuje-nekoliko-alternativnih-narativa-u-odnosu-na-aktuelni-dominantni-diskurs","status":"publish","type":"post","link":"https:\/\/musineinstitute.org\/sr\/konferencija-kosovo-srbija-drugaciji-pristup-oblikuje-nekoliko-alternativnih-narativa-u-odnosu-na-aktuelni-dominantni-diskurs\/","title":{"rendered":"Konferencija \u201eKosovo-Srbija: Druga\u010diji pristup\u201c oblikuje nekoliko alternativnih narativa u odnosu na aktuelni dominantni diskurs"},"content":{"rendered":"\n<p>U petak, Institut za dru\u0161tvene politike \u201eMusine Kokalari\u201c iz Pri\u0161tine, u saradnji sa Institutom za filozofiju i dru\u0161tvenu teoriju iz Beograda, odr\u017eao je konferenciju pod nazivom: \u201eKosovo-Srbija: Druga\u010diji pristup\u201c.<\/p>\n\n<p>Jellena Vasiljevi\u0107, Dukagjin Gorani, Aleksandar Pavlovi\u0107, G\u00ebzim Krasniqi, Visar Ymeri, Filip Baluinovi\u0107, Besfort Kosova i Belgzim Kamberi razgovarali su u Beogradu o temama: \u201eObnova Drugog i gra\u0111anstvo\u201c i \u201eEkonomija i \u017eivotna sredina\u201c.<\/p>\n\n<p>Tokom diskusija istaknuti su neki alternativni narativi naspram aktuelnog dominantnog diskursa u odgovaraju\u0107im oblastima. Razmatrane su mogu\u0107nosti zajedni\u010dkih tema koje podsti\u010du dru\u0161tvene antagonizme i modele izgradnje gra\u0111anstva, ekonomske politike koje treba preduzeti za razvoj budu\u0107ih odnosa, kao i neophodne ekolo\u0161ke politike.<\/p>\n\n<p>Slede\u0107a konferencija bi\u0107e odr\u017eana u Pri\u0161tini, gde \u0107e biti obra\u0111ene druge teme, pre nego \u0161to budu objavljene u pisanom obliku u zbirci eseja.<\/p>\n\n<p>Konferencija \u201eKosovo-Srbija: Druga\u010diji pristup\u201c, koja je omogu\u0107ena zahvaljuju\u0107i \u201eOlof Palme International Center\u201c, predstavlja prvu fazu projekta: \u201eVe\u010dni mir i socijalna pravda na Balkanu: Neetni\u010dke perspektive u regionalnim odnosima i saradnji izme\u0111u Kosova i Srbije\u201c.<\/p>\n\n<p><\/p>\n\n<p>5. novembar 2021<\/p>\n","protected":false},"excerpt":{"rendered":"<p>U petak, Institut za dru\u0161tvene politike \u201eMusine Kokalari\u201c iz Pri\u0161tine, u saradnji sa Institutom za filozofiju i dru\u0161tvenu teoriju iz Beograda, odr\u017eao je konferenciju pod nazivom: \u201eKosovo-Srbija: Druga\u010diji pristup\u201c. Jellena Vasiljevi\u0107, Dukagjin Gorani, Aleksandar Pavlovi\u0107, G\u00ebzim Krasniqi, Visar Ymeri, Filip Baluinovi\u0107, Besfort Kosova i Belgzim Kamberi razgovarali su u Beogradu o temama: \u201eObnova Drugog i [&hellip;]<\/p>\n","protected":false},"author":2,"featured_media":1319,"comment_status":"open","ping_status":"open","sticky":false,"template":"","format":"standard","meta":{"footnotes":""},"categories":[6],"tags":[],"class_list":["post-7213","post","type-post","status-publish","format-standard","has-post-thumbnail","hentry","category-uncategorized-sr"],"_links":{"self":[{"href":"https:\/\/musineinstitute.org\/sr\/wp-json\/wp\/v2\/posts\/7213","targetHints":{"allow":["GET"]}}],"collection":[{"href":"https:\/\/musineinstitute.org\/sr\/wp-json\/wp\/v2\/posts"}],"about":[{"href":"https:\/\/musineinstitute.org\/sr\/wp-json\/wp\/v2\/types\/post"}],"author":[{"embeddable":true,"href":"https:\/\/musineinstitute.org\/sr\/wp-json\/wp\/v2\/users\/2"}],"replies":[{"embeddable":true,"href":"https:\/\/musineinstitute.org\/sr\/wp-json\/wp\/v2\/comments?post=7213"}],"version-history":[{"count":1,"href":"https:\/\/musineinstitute.org\/sr\/wp-json\/wp\/v2\/posts\/7213\/revisions"}],"predecessor-version":[{"id":7214,"href":"https:\/\/musineinstitute.org\/sr\/wp-json\/wp\/v2\/posts\/7213\/revisions\/7214"}],"wp:featuredmedia":[{"embeddable":true,"href":"https:\/\/musineinstitute.org\/sr\/wp-json\/wp\/v2\/media\/1319"}],"wp:attachment":[{"href":"https:\/\/musineinstitute.org\/sr\/wp-json\/wp\/v2\/media?parent=7213"}],"wp:term":[{"taxonomy":"category","embeddable":true,"href":"https:\/\/musineinstitute.org\/sr\/wp-json\/wp\/v2\/categories?post=7213"},{"taxonomy":"post_tag","embeddable":true,"href":"https:\/\/musineinstitute.org\/sr\/wp-json\/wp\/v2\/tags?post=7213"}],"curies":[{"name":"wp","href":"https:\/\/api.w.org\/{rel}","templated":true}]}}