{"id":7207,"date":"2025-07-22T11:10:53","date_gmt":"2025-07-22T11:10:53","guid":{"rendered":"https:\/\/musineinstitute.org\/zivotna-sredina-kao-prostor-za-izgradnju-gradjanstva-i-regionalne-saradnje\/"},"modified":"2025-07-22T11:10:54","modified_gmt":"2025-07-22T11:10:54","slug":"zivotna-sredina-kao-prostor-za-izgradnju-gradjanstva-i-regionalne-saradnje","status":"publish","type":"post","link":"https:\/\/musineinstitute.org\/sr\/zivotna-sredina-kao-prostor-za-izgradnju-gradjanstva-i-regionalne-saradnje\/","title":{"rendered":"\u017divotna sredina kao prostor za izgradnju gra\u0111anstva i regionalne saradnje"},"content":{"rendered":"\n<p>Direktor Odbora Instituta za dru\u0161tvene politike &#8222;Musine Kokalari&#8220;, Belgzim Kamberi, u\u010destvovao je u Parizu na panelu Javne tribine na temu: \u201eNovi glasovi iz oblasti \u017eivotne sredine i gra\u0111anski aktivizam na Balkanu\u201c.<\/p>\n\n<p>Predstavljaju\u0107i rezultate istra\u017eivanja ISP \u201eMusine Kokalari\u201c o hidrocentralama i konkretnim lokalnim slu\u010dajevima, kao \u0161to su aktivizam nevladinih organizacija i ekolo\u0161kih aktivista vezan za hidrocentrale u podru\u010dju De\u010dana, kao i proteste u \u0160trpcu i Gora\u017edevcu, Belgzim Kamberi je, izme\u0111u ostalog, istakao pitanje \u017eivotne sredine kao novu oblast izgradnje gra\u0111anskog dru\u0161tva i regionalne saradnje u funkciji javnog interesa, kao i potrebu za sprovo\u0111enjem ekolo\u0161ke pravde u bliskoj budu\u0107nosti.<\/p>\n\n<p>Na panelu su u\u010destvovali i gospo\u0111a Natalija Simovi\u0107 iz Ne davimo Beograd (Srbija) i gospodin Mileta Radovanovi\u0107, generalni sekretar Gra\u0111anskog pokreta URA (Crna Gora).<\/p>\n\n<p>Pored javne tribine, panelisti su odr\u017eali konferenciju za novinare iz presti\u017enih francuskih medija o pitanjima \u017eivotne sredine na Balkanu, razgovarali sa gospodinom S\u00e9bastienom Gricourtom, saradnikom za Balkan u Fondation Jean Jaur\u00e8s, kao i organizovali radni ru\u010dak sa predstavnicima Francuske Zelene stranke &#8211; Europe \u00c9cologie-Les Verts.<\/p>\n\n<p>Oni su tako\u0111e primljeni na sastanak od strane zvani\u010dnika Direktorata za Balkan u Ministarstvu spoljnih poslova Francuske \u2013 France Diplomatie.<\/p>\n\n<p>Organizaciju ove posete omogu\u0107ili su i podr\u017eali Le Courrier des Balkans i kancelarija Heinrich-B\u00f6ll-Stiftung u Parizu, Francuska.<\/p>\n\n<p>30. novembar 2021<\/p>\n\n<figure class=\"wp-block-image size-large\"><img fetchpriority=\"high\" decoding=\"async\" width=\"1024\" height=\"682\" src=\"https:\/\/musineinstitute.org\/wp-content\/uploads\/2021\/12\/261756788_439089170994591_7646153837473285821_n-1-1024x682.jpg\" alt=\"\" class=\"wp-image-1381\" srcset=\"https:\/\/musineinstitute.org\/wp-content\/uploads\/2021\/12\/261756788_439089170994591_7646153837473285821_n-1-1024x682.jpg 1024w, https:\/\/musineinstitute.org\/wp-content\/uploads\/2021\/12\/261756788_439089170994591_7646153837473285821_n-1-300x200.jpg 300w, https:\/\/musineinstitute.org\/wp-content\/uploads\/2021\/12\/261756788_439089170994591_7646153837473285821_n-1-768x512.jpg 768w, https:\/\/musineinstitute.org\/wp-content\/uploads\/2021\/12\/261756788_439089170994591_7646153837473285821_n-1-1536x1024.jpg 1536w, https:\/\/musineinstitute.org\/wp-content\/uploads\/2021\/12\/261756788_439089170994591_7646153837473285821_n-1.jpg 2000w\" sizes=\"(max-width: 1024px) 100vw, 1024px\" \/><\/figure>\n","protected":false},"excerpt":{"rendered":"<p>Direktor Odbora Instituta za dru\u0161tvene politike &#8222;Musine Kokalari&#8220;, Belgzim Kamberi, u\u010destvovao je u Parizu na panelu Javne tribine na temu: \u201eNovi glasovi iz oblasti \u017eivotne sredine i gra\u0111anski aktivizam na Balkanu\u201c. Predstavljaju\u0107i rezultate istra\u017eivanja ISP \u201eMusine Kokalari\u201c o hidrocentralama i konkretnim lokalnim slu\u010dajevima, kao \u0161to su aktivizam nevladinih organizacija i ekolo\u0161kih aktivista vezan za hidrocentrale [&hellip;]<\/p>\n","protected":false},"author":2,"featured_media":1380,"comment_status":"open","ping_status":"open","sticky":false,"template":"","format":"standard","meta":{"footnotes":""},"categories":[6],"tags":[],"class_list":["post-7207","post","type-post","status-publish","format-standard","has-post-thumbnail","hentry","category-uncategorized-sr"],"_links":{"self":[{"href":"https:\/\/musineinstitute.org\/sr\/wp-json\/wp\/v2\/posts\/7207","targetHints":{"allow":["GET"]}}],"collection":[{"href":"https:\/\/musineinstitute.org\/sr\/wp-json\/wp\/v2\/posts"}],"about":[{"href":"https:\/\/musineinstitute.org\/sr\/wp-json\/wp\/v2\/types\/post"}],"author":[{"embeddable":true,"href":"https:\/\/musineinstitute.org\/sr\/wp-json\/wp\/v2\/users\/2"}],"replies":[{"embeddable":true,"href":"https:\/\/musineinstitute.org\/sr\/wp-json\/wp\/v2\/comments?post=7207"}],"version-history":[{"count":1,"href":"https:\/\/musineinstitute.org\/sr\/wp-json\/wp\/v2\/posts\/7207\/revisions"}],"predecessor-version":[{"id":7208,"href":"https:\/\/musineinstitute.org\/sr\/wp-json\/wp\/v2\/posts\/7207\/revisions\/7208"}],"wp:featuredmedia":[{"embeddable":true,"href":"https:\/\/musineinstitute.org\/sr\/wp-json\/wp\/v2\/media\/1380"}],"wp:attachment":[{"href":"https:\/\/musineinstitute.org\/sr\/wp-json\/wp\/v2\/media?parent=7207"}],"wp:term":[{"taxonomy":"category","embeddable":true,"href":"https:\/\/musineinstitute.org\/sr\/wp-json\/wp\/v2\/categories?post=7207"},{"taxonomy":"post_tag","embeddable":true,"href":"https:\/\/musineinstitute.org\/sr\/wp-json\/wp\/v2\/tags?post=7207"}],"curies":[{"name":"wp","href":"https:\/\/api.w.org\/{rel}","templated":true}]}}