{"id":7201,"date":"2025-07-22T10:01:29","date_gmt":"2025-07-22T10:01:29","guid":{"rendered":"https:\/\/musineinstitute.org\/rastur-povecanja-osnovnih-penzija-parcijalni-pristup-rizikuje-da-postane-prepreka-za-duboke-transformacione-i-neophodne-reforme\/"},"modified":"2025-07-22T10:01:29","modified_gmt":"2025-07-22T10:01:29","slug":"rastur-povecanja-osnovnih-penzija-parcijalni-pristup-rizikuje-da-postane-prepreka-za-duboke-transformacione-i-neophodne-reforme","status":"publish","type":"post","link":"https:\/\/musineinstitute.org\/sr\/rastur-povecanja-osnovnih-penzija-parcijalni-pristup-rizikuje-da-postane-prepreka-za-duboke-transformacione-i-neophodne-reforme\/","title":{"rendered":"Rastur pove\u0107anja osnovnih penzija: Parcijalni pristup rizikuje da postane prepreka za duboke, transformacione i neophodne reforme"},"content":{"rendered":"\n<p>Vlada Kosova je na dana\u0161njoj sednici donela odluku o pove\u0107anju osnovnih penzija (sa 90 na 100 evra), penzija za osobe sa invaliditetom (sa 75 na 100 evra), porodi\u010dnih penzija, kao i penzija za radni invaliditet (sa 90 na 100 evra). Prema Vladi, ovom odlukom \u0107e oko 175 hiljada penzionera iz pomenutih kategorija imati koristi.<\/p>\n\n<p>Institut za dru\u0161tvene politike Musine Kokalari smatra da je svako pove\u0107anje nov\u010dane pomo\u0107i za socijalne kategorije vredno i vi\u0161e nego potrebno. Me\u0111utim, ova odluka ne tretira penzije na pravi na\u010din niti adresira potrebe za dobrobiti penzionera. Iz odluke Vlade se vidi da:<\/p>\n\n<ul class=\"wp-block-list\"><li>Aktuelna pove\u0107anja nisu dovoljno obja\u0161njena, ni u smislu njihovog trenutnog efekta, ni u pogledu dugoro\u010dnih ciljeva Vlade Kosova prema socijalnim potrebama zemlje.<\/li><li>Parcijalni pristup problemima i slo\u017eenim, povezanim nedostacima ne samo da ni\u0161ta ne re\u0161ava, ve\u0107 preti da postane prepreka dubokim, transformativnim i neophodnim reformama na\u0161eg socijalnog sistema.<\/li><\/ul>\n\n<p>Vlada treba da zapo\u010dne penzionu reformu tako da njen celokupni okvir, kao i poseban na\u010din regulacije, imaju za cilj obezbe\u0111ivanje bar minimalnog \u017eivotnog standarda za penzionisane gra\u0111ane Kosova. Za ovo pitanje, potrebno je \u0161to pre pokrenuti javne konsultacije sa svim relevantnim kategorijama, medijima i civilnim dru\u0161tvom koje je dugo radilo i zalagalo se za pravi sistem penzija.<\/p>\n\n<p><strong>Institut za dru\u0161tvene politike Musine Kokalari<\/strong><\/p>\n\n<p>Pri\u0161tina, 12. januar 2022<\/p>\n","protected":false},"excerpt":{"rendered":"<p>Vlada Kosova je na dana\u0161njoj sednici donela odluku o pove\u0107anju osnovnih penzija (sa 90 na 100 evra), penzija za osobe sa invaliditetom (sa 75 na 100 evra), porodi\u010dnih penzija, kao i penzija za radni invaliditet (sa 90 na 100 evra). Prema Vladi, ovom odlukom \u0107e oko 175 hiljada penzionera iz pomenutih kategorija imati koristi. Institut [&hellip;]<\/p>\n","protected":false},"author":2,"featured_media":803,"comment_status":"open","ping_status":"open","sticky":false,"template":"","format":"standard","meta":{"footnotes":""},"categories":[6],"tags":[],"class_list":["post-7201","post","type-post","status-publish","format-standard","has-post-thumbnail","hentry","category-uncategorized-sr"],"_links":{"self":[{"href":"https:\/\/musineinstitute.org\/sr\/wp-json\/wp\/v2\/posts\/7201","targetHints":{"allow":["GET"]}}],"collection":[{"href":"https:\/\/musineinstitute.org\/sr\/wp-json\/wp\/v2\/posts"}],"about":[{"href":"https:\/\/musineinstitute.org\/sr\/wp-json\/wp\/v2\/types\/post"}],"author":[{"embeddable":true,"href":"https:\/\/musineinstitute.org\/sr\/wp-json\/wp\/v2\/users\/2"}],"replies":[{"embeddable":true,"href":"https:\/\/musineinstitute.org\/sr\/wp-json\/wp\/v2\/comments?post=7201"}],"version-history":[{"count":1,"href":"https:\/\/musineinstitute.org\/sr\/wp-json\/wp\/v2\/posts\/7201\/revisions"}],"predecessor-version":[{"id":7202,"href":"https:\/\/musineinstitute.org\/sr\/wp-json\/wp\/v2\/posts\/7201\/revisions\/7202"}],"wp:featuredmedia":[{"embeddable":true,"href":"https:\/\/musineinstitute.org\/sr\/wp-json\/wp\/v2\/media\/803"}],"wp:attachment":[{"href":"https:\/\/musineinstitute.org\/sr\/wp-json\/wp\/v2\/media?parent=7201"}],"wp:term":[{"taxonomy":"category","embeddable":true,"href":"https:\/\/musineinstitute.org\/sr\/wp-json\/wp\/v2\/categories?post=7201"},{"taxonomy":"post_tag","embeddable":true,"href":"https:\/\/musineinstitute.org\/sr\/wp-json\/wp\/v2\/tags?post=7201"}],"curies":[{"name":"wp","href":"https:\/\/api.w.org\/{rel}","templated":true}]}}