{"id":7193,"date":"2025-07-22T09:25:08","date_gmt":"2025-07-22T09:25:08","guid":{"rendered":"https:\/\/musineinstitute.org\/105-godina-od-rodjenja-musine-kokalari\/"},"modified":"2025-07-22T09:25:08","modified_gmt":"2025-07-22T09:25:08","slug":"105-godina-od-rodjenja-musine-kokalari","status":"publish","type":"post","link":"https:\/\/musineinstitute.org\/sr\/105-godina-od-rodjenja-musine-kokalari\/","title":{"rendered":"105 godina od ro\u0111enja Musine Kokalari"},"content":{"rendered":"\n<p>10. februara, pre 105 godina, ro\u0111ena je Musine Kokalari, disidentkinja, spisateljica, aktivistkinja i suosniva\u010dica Socijaldemokratske partije Albanije. Podse\u0107amo se na ovaj jubilej na Musine zbog njene hrabrosti i primera koji je pru\u017eila u suo\u010davanju sa enveristi\u010dkom diktaturom, koja ju je ko\u0161tala 20 godina zatvora i izolacije od totalitarnog re\u017eima. Ona se suprotstavila hegemoniji i monopolu partije-dr\u017eave, partije koja je insistirala na jedinstvenom mi\u0161ljenju i jednodimenzionalnom politi\u010dkom aktivizmu, po diktatu partije, i uz odozgo-nadole vi\u0111enje na\u010dina na koji razumemo domovinu, patriotizam i op\u0161te dobro. Ona je pru\u017eila otpor sistemskom nasilju, ali i patrijarhatu, bore\u0107i se protiv stereotipa prema \u017eenama i devojkama. U liku Musine nalazimo isprepletene tri osnovne osobine politi\u010dkog aktivizma i ljudske slobode: intelektualnost, odlu\u010dnost i istrajnost. Govorila (pisala) je ono \u0161to je mislila, delovala je onako kako je bila uverena i disala onako kako je govorila. \u201eNe treba mi da budem komunistkinja da bih volela svoju zemlju! Ja volim svoju zemlju iako nisam komunista. Volim njen napredak. Iako ste vi dobili rat, iako ste vi pobedili na izborima, ne mo\u017eete progoniti one koji imaju druga\u010dije politi\u010dke stavove od va\u0161ih. Ja mislim druga\u010dije od vas, ali volim svoju zemlju. Ka\u017eete da me ka\u017enjavate zbog mojih ideja. Ne izvinjavam se, jer nisam u\u010dinila ni\u0161ta lo\u0161e!\u201c \u2013 Musine Kokalari u svojoj odbrani pred sudom.<\/p>\n","protected":false},"excerpt":{"rendered":"<p>10. februara, pre 105 godina, ro\u0111ena je Musine Kokalari, disidentkinja, spisateljica, aktivistkinja i suosniva\u010dica Socijaldemokratske partije Albanije. Podse\u0107amo se na ovaj jubilej na Musine zbog njene hrabrosti i primera koji je pru\u017eila u suo\u010davanju sa enveristi\u010dkom diktaturom, koja ju je ko\u0161tala 20 godina zatvora i izolacije od totalitarnog re\u017eima. Ona se suprotstavila hegemoniji i monopolu [&hellip;]<\/p>\n","protected":false},"author":3,"featured_media":1548,"comment_status":"open","ping_status":"open","sticky":false,"template":"","format":"standard","meta":{"footnotes":""},"categories":[6],"tags":[],"class_list":["post-7193","post","type-post","status-publish","format-standard","has-post-thumbnail","hentry","category-uncategorized-sr"],"_links":{"self":[{"href":"https:\/\/musineinstitute.org\/sr\/wp-json\/wp\/v2\/posts\/7193","targetHints":{"allow":["GET"]}}],"collection":[{"href":"https:\/\/musineinstitute.org\/sr\/wp-json\/wp\/v2\/posts"}],"about":[{"href":"https:\/\/musineinstitute.org\/sr\/wp-json\/wp\/v2\/types\/post"}],"author":[{"embeddable":true,"href":"https:\/\/musineinstitute.org\/sr\/wp-json\/wp\/v2\/users\/3"}],"replies":[{"embeddable":true,"href":"https:\/\/musineinstitute.org\/sr\/wp-json\/wp\/v2\/comments?post=7193"}],"version-history":[{"count":1,"href":"https:\/\/musineinstitute.org\/sr\/wp-json\/wp\/v2\/posts\/7193\/revisions"}],"predecessor-version":[{"id":7194,"href":"https:\/\/musineinstitute.org\/sr\/wp-json\/wp\/v2\/posts\/7193\/revisions\/7194"}],"wp:featuredmedia":[{"embeddable":true,"href":"https:\/\/musineinstitute.org\/sr\/wp-json\/wp\/v2\/media\/1548"}],"wp:attachment":[{"href":"https:\/\/musineinstitute.org\/sr\/wp-json\/wp\/v2\/media?parent=7193"}],"wp:term":[{"taxonomy":"category","embeddable":true,"href":"https:\/\/musineinstitute.org\/sr\/wp-json\/wp\/v2\/categories?post=7193"},{"taxonomy":"post_tag","embeddable":true,"href":"https:\/\/musineinstitute.org\/sr\/wp-json\/wp\/v2\/tags?post=7193"}],"curies":[{"name":"wp","href":"https:\/\/api.w.org\/{rel}","templated":true}]}}