{"id":7179,"date":"2025-07-22T08:51:45","date_gmt":"2025-07-22T08:51:45","guid":{"rendered":"https:\/\/musineinstitute.org\/povecanje-aktivizma-i-uticaja-mladih-u-politici-kroz-regionalnu-saradnju\/"},"modified":"2025-07-22T08:51:45","modified_gmt":"2025-07-22T08:51:45","slug":"povecanje-aktivizma-i-uticaja-mladih-u-politici-kroz-regionalnu-saradnju","status":"publish","type":"post","link":"https:\/\/musineinstitute.org\/sr\/povecanje-aktivizma-i-uticaja-mladih-u-politici-kroz-regionalnu-saradnju\/","title":{"rendered":"Pove\u0107anje aktivizma i uticaja mladih u politici kroz regionalnu saradnju"},"content":{"rendered":"\n<p>Pove\u0107anje aktivizma i uticaja mladih u politici kroz regionalnu saradnju \u2013 bila je tema prvog modula \u010detvrte generacije regionalne akademije \u201eProgresivne politike na Zapadnom Balkanu\u201c \u2013 PROGWeB u Beogradu, na kojoj su u\u010destvovali Fjolla Mu\u00e7aj i Dardan Bujupi iz Instituta za socijalne politike Musine Kokalari, kao partnerske organizacije iz Kosova.<\/p>\n\n<p>Cilj PROGWeB-a je pove\u0107anje aktivizma i uticaja mladih u politici kroz izgradnju i ja\u010danje kapaciteta razli\u010ditih organizacija i regionalnu saradnju. Na ovom modulu su u\u010destvovali i predstavnici iz Albanije, Bosne i Hercegovine, Srbije, Crne Gore i Severne Makedonije.<\/p>\n\n<p>Tokom narednih meseci, u\u010desnici \u0107e napisati dva eseja i pripremiti \u0161est projekata na temu \u201eMladi u politici\u201c.<\/p>\n\n<p>PROGWeB podr\u017eavaju Olof Palme International Center (OPIC) i Centre Party International Foundation (CIS), u saradnji sa Boris Divkovi\u0107 Foundation (BDF), Forum of Left Initiative (FLI), Centre of Modern Skills, Progress Institute for Social Democracy (PROGRESS), Liberal Institute Skopje (LIS), Institut za socijalne politike \u201eMusine Kokalari\u201c (IPSMK) i Fondacija Qemal Stafa (QSF).<\/p>\n","protected":false},"excerpt":{"rendered":"<p>Pove\u0107anje aktivizma i uticaja mladih u politici kroz regionalnu saradnju \u2013 bila je tema prvog modula \u010detvrte generacije regionalne akademije \u201eProgresivne politike na Zapadnom Balkanu\u201c \u2013 PROGWeB u Beogradu, na kojoj su u\u010destvovali Fjolla Mu\u00e7aj i Dardan Bujupi iz Instituta za socijalne politike Musine Kokalari, kao partnerske organizacije iz Kosova. Cilj PROGWeB-a je pove\u0107anje aktivizma [&hellip;]<\/p>\n","protected":false},"author":3,"featured_media":1695,"comment_status":"open","ping_status":"open","sticky":false,"template":"","format":"standard","meta":{"footnotes":""},"categories":[6],"tags":[],"class_list":["post-7179","post","type-post","status-publish","format-standard","has-post-thumbnail","hentry","category-uncategorized-sr"],"_links":{"self":[{"href":"https:\/\/musineinstitute.org\/sr\/wp-json\/wp\/v2\/posts\/7179","targetHints":{"allow":["GET"]}}],"collection":[{"href":"https:\/\/musineinstitute.org\/sr\/wp-json\/wp\/v2\/posts"}],"about":[{"href":"https:\/\/musineinstitute.org\/sr\/wp-json\/wp\/v2\/types\/post"}],"author":[{"embeddable":true,"href":"https:\/\/musineinstitute.org\/sr\/wp-json\/wp\/v2\/users\/3"}],"replies":[{"embeddable":true,"href":"https:\/\/musineinstitute.org\/sr\/wp-json\/wp\/v2\/comments?post=7179"}],"version-history":[{"count":1,"href":"https:\/\/musineinstitute.org\/sr\/wp-json\/wp\/v2\/posts\/7179\/revisions"}],"predecessor-version":[{"id":7180,"href":"https:\/\/musineinstitute.org\/sr\/wp-json\/wp\/v2\/posts\/7179\/revisions\/7180"}],"wp:featuredmedia":[{"embeddable":true,"href":"https:\/\/musineinstitute.org\/sr\/wp-json\/wp\/v2\/media\/1695"}],"wp:attachment":[{"href":"https:\/\/musineinstitute.org\/sr\/wp-json\/wp\/v2\/media?parent=7179"}],"wp:term":[{"taxonomy":"category","embeddable":true,"href":"https:\/\/musineinstitute.org\/sr\/wp-json\/wp\/v2\/categories?post=7179"},{"taxonomy":"post_tag","embeddable":true,"href":"https:\/\/musineinstitute.org\/sr\/wp-json\/wp\/v2\/tags?post=7179"}],"curies":[{"name":"wp","href":"https:\/\/api.w.org\/{rel}","templated":true}]}}