{"id":7177,"date":"2025-07-22T08:48:00","date_gmt":"2025-07-22T08:48:00","guid":{"rendered":"https:\/\/musineinstitute.org\/za-regionalnu-platformu-za-kreiranje-zajednickih-progresivnih-politika\/"},"modified":"2025-11-11T09:51:31","modified_gmt":"2025-11-11T09:51:31","slug":"za-regionalnu-platformu-za-kreiranje-zajednickih-progresivnih-politika","status":"publish","type":"post","link":"https:\/\/musineinstitute.org\/sr\/za-regionalnu-platformu-za-kreiranje-zajednickih-progresivnih-politika\/","title":{"rendered":"Za regionalnu platformu za kreiranje zajedni\u010dkih progresivnih politika"},"content":{"rendered":"\n<p>Osnivanje i funkcionalizacija regionalne platforme za dijalog i kreiranje zajedni\u010dkih progresivnih politika o ekonomskim, socijalnim, ekolo\u0161kim, rodnim, etni\u010dkim, verskim i rasnim pitanjima; kao i ka ja\u010danju regionalne dru\u0161tvene kohezije, bila je jedna od preporuka koju je izneo Belgzim Kamberi iz Instituta za socijalne politike Musine Kokalari, na drugom panelu Foruma \u201eZapadni Balkan 2030\u201c odr\u017eanom u Tirani, sa gostima iz fondacija i instituta sa Zapadnog Balkana i Evropske unije, u organizaciji Fondacije &#8222;Qemal Stafa&#8220; iz Tirane i Friedrich-Ebert-Stiftung.<\/p>\n\n\n\n<p>I druga dvojica panelista, gospodin Pavle Bogoevski, izvr\u0161ni direktor iz Progres instituta za dru\u0161tvenu demokratiju u Skoplju, i gospodin Ledjon Shahini, izvr\u0161ni direktor Fondacije Qemal Stafa u Tirani, istakli su zna\u010daj ja\u010danja regionalne saradnje radi izgradnje zajedni\u010dkih stavova sa jasno definisanim prioritetima me\u0111u progresivnim organizacijama u regionu.<\/p>\n\n\n\n<p>Ove zajedni\u010dke regionalne stavove treba pratiti dinami\u010dnija odluka o pro\u0161irenju Evropske unije na Zapadni Balkan, izme\u0111u ostalog, rekli su prethodno govornici prvog panela: gospodin Knut Fleckenstein iz Evropske socijalisti\u010dke partije; gospodin Damian Gjiknuri, generalni sekretar Socijalisti\u010dke partije Albanije; gospo\u0111a Stine Klapper, rukovodilac kancelarije Friedrich-Ebert-Stiftung u Tirani; gospodin Ditmir Bushati, biv\u0161i ministar spoljnih poslova Albanije; gospodin Adnan Dibrani iz Socijaldemokratske partije \u0160vedske i gospo\u0111a Romina Kuko, sekretarka za me\u0111unarodne odnose u Socijalisti\u010dkoj partiji Albanije.<\/p>\n\n\n\n<p>Slede\u0107eg dana, u\u010desnici Foruma \u201eZapadni Balkan 2030\u201c tako\u0111e su u\u010destvovali na panelu \u201eBezbednost, Region i Evropa\u201c, koji je organizovalo Ministarstvo za Evropu i spoljne poslove Republike Albanije, kao i na Kongresu Socijalisti\u010dke partije.<\/p>\n","protected":false},"excerpt":{"rendered":"<p>Osnivanje i funkcionalizacija regionalne platforme za dijalog i kreiranje zajedni\u010dkih progresivnih politika o ekonomskim, socijalnim, ekolo\u0161kim, rodnim, etni\u010dkim, verskim i rasnim pitanjima; kao i ka ja\u010danju regionalne dru\u0161tvene kohezije, bila je jedna od preporuka koju je izneo Belgzim Kamberi iz Instituta za socijalne politike Musine Kokalari, na drugom panelu Foruma \u201eZapadni Balkan 2030\u201c odr\u017eanom u [&hellip;]<\/p>\n","protected":false},"author":3,"featured_media":1700,"comment_status":"open","ping_status":"open","sticky":false,"template":"","format":"standard","meta":{"footnotes":""},"categories":[6],"tags":[],"class_list":["post-7177","post","type-post","status-publish","format-standard","has-post-thumbnail","hentry","category-uncategorized-sr"],"_links":{"self":[{"href":"https:\/\/musineinstitute.org\/sr\/wp-json\/wp\/v2\/posts\/7177","targetHints":{"allow":["GET"]}}],"collection":[{"href":"https:\/\/musineinstitute.org\/sr\/wp-json\/wp\/v2\/posts"}],"about":[{"href":"https:\/\/musineinstitute.org\/sr\/wp-json\/wp\/v2\/types\/post"}],"author":[{"embeddable":true,"href":"https:\/\/musineinstitute.org\/sr\/wp-json\/wp\/v2\/users\/3"}],"replies":[{"embeddable":true,"href":"https:\/\/musineinstitute.org\/sr\/wp-json\/wp\/v2\/comments?post=7177"}],"version-history":[{"count":2,"href":"https:\/\/musineinstitute.org\/sr\/wp-json\/wp\/v2\/posts\/7177\/revisions"}],"predecessor-version":[{"id":8478,"href":"https:\/\/musineinstitute.org\/sr\/wp-json\/wp\/v2\/posts\/7177\/revisions\/8478"}],"wp:featuredmedia":[{"embeddable":true,"href":"https:\/\/musineinstitute.org\/sr\/wp-json\/wp\/v2\/media\/1700"}],"wp:attachment":[{"href":"https:\/\/musineinstitute.org\/sr\/wp-json\/wp\/v2\/media?parent=7177"}],"wp:term":[{"taxonomy":"category","embeddable":true,"href":"https:\/\/musineinstitute.org\/sr\/wp-json\/wp\/v2\/categories?post=7177"},{"taxonomy":"post_tag","embeddable":true,"href":"https:\/\/musineinstitute.org\/sr\/wp-json\/wp\/v2\/tags?post=7177"}],"curies":[{"name":"wp","href":"https:\/\/api.w.org\/{rel}","templated":true}]}}