{"id":7160,"date":"2025-07-21T14:02:39","date_gmt":"2025-07-21T14:02:39","guid":{"rendered":"https:\/\/musineinstitute.org\/zabelete-datum-25-oktobar-2022-objavljivanje-istrazivackog-izvestaja-who-cares\/"},"modified":"2025-07-21T14:02:39","modified_gmt":"2025-07-21T14:02:39","slug":"zabelete-datum-25-oktobar-2022-objavljivanje-istrazivackog-izvestaja-who-cares","status":"publish","type":"post","link":"https:\/\/musineinstitute.org\/sr\/zabelete-datum-25-oktobar-2022-objavljivanje-istrazivackog-izvestaja-who-cares\/","title":{"rendered":"ZABELETE DATUM -> 25. OKTOBAR 2022 Objavljivanje istra\u017eiva\u010dkog izve\u0161taja &#8222;Who Cares&#8220;"},"content":{"rendered":"\n<p><strong>ZABELETE DATUM -&gt; 25. OKTOBAR 2022<\/strong><\/p>\n\n<p><strong>Objavljivanje istra\u017eiva\u010dkog izve\u0161taja &#8222;Who Cares&#8220; o nepla\u0107enom radu na Kosovu<\/strong><\/p>\n\n<p>Institut za dru\u0161tvene politike Musine Kokalari obave\u0161tava sve lokalne i me\u0111unarodne organizacije civilnog dru\u0161tva, predstavnike javnih institucija, kao i sve zainteresovane za oblast rada, prava i socijalnih i porodi\u010dnih politika, rodne ravnopravnosti, zdravstva i ekonomije, da \u0107e se 25. oktobra 2022. godine po prvi put na Kosovu objaviti kvantitativno i kvalitativno istra\u017eivanje o nepla\u0107enom radu.<\/p>\n\n<p>Istra\u017eivanje ima za cilj predstavljanje statisti\u010dkih podataka o vremenu koje gra\u0111ani Kosova provode obavljaju\u0107i nepla\u0107eni rad, koji uklju\u010duje brigu o doma\u0107instvu, deci, starijima i osobama koje zahtevaju dodatnu negu. Tako\u0111e, kroz diskusije u fokus grupama, cilj je pru\u017eiti analizu percepcija gra\u0111ana u vezi sa nepla\u0107enim radom ili negovateljskim radom.<\/p>\n\n<p>O mestu i vremenu objavljivanja ovog istra\u017eiva\u010dkog izve\u0161taja obavesti\u0107emo vas tokom narednih nedelja.<\/p>\n","protected":false},"excerpt":{"rendered":"<p>ZABELETE DATUM -&gt; 25. OKTOBAR 2022 Objavljivanje istra\u017eiva\u010dkog izve\u0161taja &#8222;Who Cares&#8220; o nepla\u0107enom radu na Kosovu Institut za dru\u0161tvene politike Musine Kokalari obave\u0161tava sve lokalne i me\u0111unarodne organizacije civilnog dru\u0161tva, predstavnike javnih institucija, kao i sve zainteresovane za oblast rada, prava i socijalnih i porodi\u010dnih politika, rodne ravnopravnosti, zdravstva i ekonomije, da \u0107e se 25. [&hellip;]<\/p>\n","protected":false},"author":3,"featured_media":1898,"comment_status":"open","ping_status":"open","sticky":false,"template":"","format":"standard","meta":{"footnotes":""},"categories":[6],"tags":[],"class_list":["post-7160","post","type-post","status-publish","format-standard","has-post-thumbnail","hentry","category-uncategorized-sr"],"_links":{"self":[{"href":"https:\/\/musineinstitute.org\/sr\/wp-json\/wp\/v2\/posts\/7160","targetHints":{"allow":["GET"]}}],"collection":[{"href":"https:\/\/musineinstitute.org\/sr\/wp-json\/wp\/v2\/posts"}],"about":[{"href":"https:\/\/musineinstitute.org\/sr\/wp-json\/wp\/v2\/types\/post"}],"author":[{"embeddable":true,"href":"https:\/\/musineinstitute.org\/sr\/wp-json\/wp\/v2\/users\/3"}],"replies":[{"embeddable":true,"href":"https:\/\/musineinstitute.org\/sr\/wp-json\/wp\/v2\/comments?post=7160"}],"version-history":[{"count":1,"href":"https:\/\/musineinstitute.org\/sr\/wp-json\/wp\/v2\/posts\/7160\/revisions"}],"predecessor-version":[{"id":7161,"href":"https:\/\/musineinstitute.org\/sr\/wp-json\/wp\/v2\/posts\/7160\/revisions\/7161"}],"wp:featuredmedia":[{"embeddable":true,"href":"https:\/\/musineinstitute.org\/sr\/wp-json\/wp\/v2\/media\/1898"}],"wp:attachment":[{"href":"https:\/\/musineinstitute.org\/sr\/wp-json\/wp\/v2\/media?parent=7160"}],"wp:term":[{"taxonomy":"category","embeddable":true,"href":"https:\/\/musineinstitute.org\/sr\/wp-json\/wp\/v2\/categories?post=7160"},{"taxonomy":"post_tag","embeddable":true,"href":"https:\/\/musineinstitute.org\/sr\/wp-json\/wp\/v2\/tags?post=7160"}],"curies":[{"name":"wp","href":"https:\/\/api.w.org\/{rel}","templated":true}]}}