{"id":7148,"date":"2025-07-21T13:20:51","date_gmt":"2025-07-21T13:20:51","guid":{"rendered":"https:\/\/musineinstitute.org\/diskusija-sa-mladima-iz-peci-o-neplacenom-negovateljskom-radu\/"},"modified":"2025-11-20T18:29:40","modified_gmt":"2025-11-20T18:29:40","slug":"diskusija-sa-mladima-iz-peci-o-neplacenom-negovateljskom-radu","status":"publish","type":"post","link":"https:\/\/musineinstitute.org\/sr\/diskusija-sa-mladima-iz-peci-o-neplacenom-negovateljskom-radu\/","title":{"rendered":"Diskusija sa mladima iz Pe\u0107i o nepla\u0107enom negovateljskom radu"},"content":{"rendered":"\n<p>Na poziv i u organizaciji Britma i Anibara, Arian Lumezi, koordinator projekata u\u00a0<a href=\"https:\/\/www.facebook.com\/musineinstitute?__cft__[0]=AZUv4lTFosO1zwKJgAVV6dU-rjpmF7UPtmMMoSl6vczxm36xfm7CzCY_4veQUhCgd9ERrVxMX0Yzc61JB2evsIuu1DZ24SK69GV1unsO4-JzZjZL6lRMe6KJ3I2pNSlYURW8FYuoeamFMiMgSie3dh19Oh8daMnkCabcG6GShGhNgE_KGNy8sgqrQJLwX1B9lM8KK0hXWsJaZn7hHCN7gejt&amp;__tn__=-]K-R\">Institute for Social Policy &#8222;Musine Kokalari&#8220;<\/a> predstavio je nalaze istra\u017eivanja &#8222;Negovanje kao nepla\u0107eni rad na Kosovu&#8220; tokom diskusije sa mladima iz grada Pe\u0107i.<\/p>\n","protected":false},"excerpt":{"rendered":"<p>Na poziv i u organizaciji Britma i Anibara, Arian Lumezi, koordinator projekata u\u00a0Institute for Social Policy &#8222;Musine Kokalari&#8220; predstavio je nalaze istra\u017eivanja &#8222;Negovanje kao nepla\u0107eni rad na Kosovu&#8220; tokom diskusije sa mladima iz grada Pe\u0107i.<\/p>\n","protected":false},"author":3,"featured_media":1998,"comment_status":"open","ping_status":"open","sticky":false,"template":"","format":"standard","meta":{"footnotes":""},"categories":[59,6],"tags":[],"class_list":["post-7148","post","type-post","status-publish","format-standard","has-post-thumbnail","hentry","category-obrazovanje","category-uncategorized-sr"],"_links":{"self":[{"href":"https:\/\/musineinstitute.org\/sr\/wp-json\/wp\/v2\/posts\/7148","targetHints":{"allow":["GET"]}}],"collection":[{"href":"https:\/\/musineinstitute.org\/sr\/wp-json\/wp\/v2\/posts"}],"about":[{"href":"https:\/\/musineinstitute.org\/sr\/wp-json\/wp\/v2\/types\/post"}],"author":[{"embeddable":true,"href":"https:\/\/musineinstitute.org\/sr\/wp-json\/wp\/v2\/users\/3"}],"replies":[{"embeddable":true,"href":"https:\/\/musineinstitute.org\/sr\/wp-json\/wp\/v2\/comments?post=7148"}],"version-history":[{"count":3,"href":"https:\/\/musineinstitute.org\/sr\/wp-json\/wp\/v2\/posts\/7148\/revisions"}],"predecessor-version":[{"id":8661,"href":"https:\/\/musineinstitute.org\/sr\/wp-json\/wp\/v2\/posts\/7148\/revisions\/8661"}],"wp:featuredmedia":[{"embeddable":true,"href":"https:\/\/musineinstitute.org\/sr\/wp-json\/wp\/v2\/media\/1998"}],"wp:attachment":[{"href":"https:\/\/musineinstitute.org\/sr\/wp-json\/wp\/v2\/media?parent=7148"}],"wp:term":[{"taxonomy":"category","embeddable":true,"href":"https:\/\/musineinstitute.org\/sr\/wp-json\/wp\/v2\/categories?post=7148"},{"taxonomy":"post_tag","embeddable":true,"href":"https:\/\/musineinstitute.org\/sr\/wp-json\/wp\/v2\/tags?post=7148"}],"curies":[{"name":"wp","href":"https:\/\/api.w.org\/{rel}","templated":true}]}}