{"id":7142,"date":"2025-07-21T13:10:53","date_gmt":"2025-07-21T13:10:53","guid":{"rendered":"https:\/\/musineinstitute.org\/u-solidarnosti-sa-poslanicom-gospodjom-saranda-bogujevci\/"},"modified":"2025-07-21T13:10:53","modified_gmt":"2025-07-21T13:10:53","slug":"u-solidarnosti-sa-poslanicom-gospodjom-saranda-bogujevci","status":"publish","type":"post","link":"https:\/\/musineinstitute.org\/sr\/u-solidarnosti-sa-poslanicom-gospodjom-saranda-bogujevci\/","title":{"rendered":"U solidarnosti sa poslanicom gospo\u0111om Saranda Bogujevci"},"content":{"rendered":"\n<p>Duboko smo ogor\u010deni zbog nedavnog incidenta sa seksisti\u010dkim govorom upu\u0107enim potpredsednici Skup\u0161tine Republike Kosovo, Sarandi Bogu\u0161evci, zbog njene odluke da ima decu. Ovo diskriminatorsko pona\u0161anje je netolerantno i nema mesta u na\u0161em dru\u0161tvu. \u0160okantno je da neko koristi poni\u017eavaju\u0107i jezik kako bi omalova\u017eio li\u010dne izbore i \u017eivotne odluke jedne \u017eene.<\/p>\n\n<p>Dru\u0161tvo na Kosovu mora svakako da odr\u017eava i neguje princip slobode i jednakosti. Sa druge strane, to je pitanje slobode i li\u010dnog izbora kako \u010dovek odlu\u010duje da \u017eivi, sa kim \u017eivi, kako voli i koga voli, i da li \u017eeli da zasnuje porodicu, kao i kako \u0107e to u\u010diniti. Institucije Republike treba da stvore uslove u kojima se ta sloboda apsolutno po\u0161tuje i omogu\u0107ava. Ni pod kojim uslovima nije dozvoljeno da javne vlasti uskra\u0107uju slobodu pojedincu, kao \u0161to to povremeno predla\u017eu neki poslanici ve\u0107ine. Sloboda izra\u017eavanja i sloboda mi\u0161ljenja moraju se po\u0161tovati. Ali ne kada to podrazumeva ili tra\u017ei ugro\u017eavanje slobode drugih. \u017delimo jasno da izrazimo na\u0161u solidarnost sa Sarandom i svim \u017eenama koje su bile meta sli\u010dnih napada.<\/p>\n\n<p>Neophodno je da radimo na stvaranju kulture u kojoj uvrede zasnovane na polu nikada nisu prihvatljive i gde svi pojedinci budu po\u0161tovani zbog svoje su\u0161tinske vrednosti i dostojanstva. Pozivamo sve politi\u010dare i javne li\u010dnosti da osude i uzdr\u017ee se od kori\u0161\u0107enja seksisti\u010dkog govora ili uklju\u010divanja u bilo koji oblik diskriminacije ili uznemiravanja \u017eena. Moramo zajedno raditi na izgradnji dru\u0161tva koje ceni i po\u0161tuje razli\u010ditost, jednakost i ljudska prava za sve.<\/p>\n","protected":false},"excerpt":{"rendered":"<p>Duboko smo ogor\u010deni zbog nedavnog incidenta sa seksisti\u010dkim govorom upu\u0107enim potpredsednici Skup\u0161tine Republike Kosovo, Sarandi Bogu\u0161evci, zbog njene odluke da ima decu. Ovo diskriminatorsko pona\u0161anje je netolerantno i nema mesta u na\u0161em dru\u0161tvu. \u0160okantno je da neko koristi poni\u017eavaju\u0107i jezik kako bi omalova\u017eio li\u010dne izbore i \u017eivotne odluke jedne \u017eene. Dru\u0161tvo na Kosovu mora svakako [&hellip;]<\/p>\n","protected":false},"author":3,"featured_media":950,"comment_status":"open","ping_status":"open","sticky":false,"template":"","format":"standard","meta":{"footnotes":""},"categories":[6],"tags":[],"class_list":["post-7142","post","type-post","status-publish","format-standard","has-post-thumbnail","hentry","category-uncategorized-sr"],"_links":{"self":[{"href":"https:\/\/musineinstitute.org\/sr\/wp-json\/wp\/v2\/posts\/7142","targetHints":{"allow":["GET"]}}],"collection":[{"href":"https:\/\/musineinstitute.org\/sr\/wp-json\/wp\/v2\/posts"}],"about":[{"href":"https:\/\/musineinstitute.org\/sr\/wp-json\/wp\/v2\/types\/post"}],"author":[{"embeddable":true,"href":"https:\/\/musineinstitute.org\/sr\/wp-json\/wp\/v2\/users\/3"}],"replies":[{"embeddable":true,"href":"https:\/\/musineinstitute.org\/sr\/wp-json\/wp\/v2\/comments?post=7142"}],"version-history":[{"count":1,"href":"https:\/\/musineinstitute.org\/sr\/wp-json\/wp\/v2\/posts\/7142\/revisions"}],"predecessor-version":[{"id":7143,"href":"https:\/\/musineinstitute.org\/sr\/wp-json\/wp\/v2\/posts\/7142\/revisions\/7143"}],"wp:featuredmedia":[{"embeddable":true,"href":"https:\/\/musineinstitute.org\/sr\/wp-json\/wp\/v2\/media\/950"}],"wp:attachment":[{"href":"https:\/\/musineinstitute.org\/sr\/wp-json\/wp\/v2\/media?parent=7142"}],"wp:term":[{"taxonomy":"category","embeddable":true,"href":"https:\/\/musineinstitute.org\/sr\/wp-json\/wp\/v2\/categories?post=7142"},{"taxonomy":"post_tag","embeddable":true,"href":"https:\/\/musineinstitute.org\/sr\/wp-json\/wp\/v2\/tags?post=7142"}],"curies":[{"name":"wp","href":"https:\/\/api.w.org\/{rel}","templated":true}]}}