{"id":7140,"date":"2025-07-21T13:00:27","date_gmt":"2025-07-21T13:00:27","guid":{"rendered":"https:\/\/musineinstitute.org\/pismo-za-zastupanje-upuceno-poslanicima-skupstine-kosova\/"},"modified":"2025-07-21T13:00:28","modified_gmt":"2025-07-21T13:00:28","slug":"pismo-za-zastupanje-upuceno-poslanicima-skupstine-kosova","status":"publish","type":"post","link":"https:\/\/musineinstitute.org\/sr\/pismo-za-zastupanje-upuceno-poslanicima-skupstine-kosova\/","title":{"rendered":"PISMO ZA ZASTUPANJE UPU\u0106ENO POSLANICIMA SKUP\u0160TINE KOSOVA"},"content":{"rendered":"\n<p>Nega kao nepla\u0107eni rad da se diskutuje na parlamentarnom zasedanju<\/p>\n\n<p>Institut za socijalne politike Musine Kokalari danas je dostavio Predsedni\u0161tvu Skup\u0161tine Republike Kosovo i predsednicima\/parovima parlamentarnih grupa pismo za zastupanje kojim tra\u017ei pokretanje parlamentarne rasprave sa fokusom na negu kao nepla\u0107eni rad.<\/p>\n\n<p>Nega kao nepla\u0107eni rad odnosi se na rad koji obi\u010dno obavljaju osobe unutar porodica, kao \u0161to su kuvanje, \u010di\u0161\u0107enje, briga o deci; briga o starijim \u010dlanovima porodice ili drugim osobama koje zavise od tu\u0111e nege. Ovaj rad je od su\u0161tinskog zna\u010daja za dobrobit gra\u0111ana i na\u0161ih zajednica, ali nije priznat i potcenjen je u na\u0161oj dr\u017eavi.<\/p>\n\n<p>\u017dene na Kosovu nose najve\u0107i teret nepla\u0107enog rada nege, jer se od njih o\u010dekuje da<\/p>\n\n<p>preuzimaju ve\u0107inu ku\u0107nih poslova pored svog pla\u0107enog rada, \u010dak i ako imaju mogu\u0107nost da rade van ku\u0107e. To im ostavlja manje vremena i manje mogu\u0107nosti da prate druge interese i da se u potpunosti uklju\u010de u javni \u017eivot.<\/p>\n\n<p>Nega kao nepla\u0107eni rad nije dovoljno diskutovana u javnoj sferi i nije dobila odgovaraju\u0107u pa\u017enju u javnoj debati. Zbog toga je neophodno da se ovo pitanje razmatra u Skup\u0161tini Kosova.<\/p>\n\n<p><\/p>\n\n<p>Cela pisma:<\/p>\n\n<p><\/p>\n\n<p>Po\u0161tovani poslanici Skup\u0161tine Kosova,<\/p>\n\n<p>Mi, kao Institut za socijalne politike, danas vam se obra\u0107amo kako bismo zagovarali jedno va\u017eno pitanje koje uti\u010de na mnoge ljude na Kosovu, posebno na \u017eene i marginalizovane zajednice \u2013 briga kao nepla\u0107eni rad (naziv ovog koncepta na engleskom jeziku je &#8222;unpaid care work&#8220;).<\/p>\n\n<p>Kao \u0161to znate, briga kao nepla\u0107eni rad odnosi se na poslove koje obi\u010dno obavljaju \u010dlanovi porodice, kao \u0161to su kuvanje, \u010di\u0161\u0107enje, briga o deci i starijim \u010dlanovima porodice ili drugim osobama koje zavise od tu\u0111e nege. Ovaj rad je od su\u0161tinskog zna\u010daja za dobrobit na\u0161ih gra\u0111ana i zajednica, ali ipak ostaje nepriznat i potcenjen u na\u0161oj dr\u017eavi.<\/p>\n\n<p>\u017dene na Kosovu nose najve\u0107i teret brige kao nepla\u0107enog rada, jer se od njih o\u010dekuje da obavljaju ve\u0107inu ku\u0107nih poslova, pored svog pla\u0107enog rada, ako su u mogu\u0107nosti da rade van ku\u0107e. To im ostavlja manje vremena i manje mogu\u0107nosti da se posvete drugim interesima i da u potpunosti u\u010destvuju u javnom \u017eivotu. Tako\u0111e, to stvara duboke rodne nejednakosti.<\/p>\n\n<p>Zapravo, jedan od glavnih razloga ekonomske neaktivnosti \u017eena na Kosovu jeste upravo njihova briga kao odgovornost. Mnoge \u017eene nisu u mogu\u0107nosti da rade van ku\u0107e jer nemaju pristup pristupa\u010dnim uslugama za brigu o deci.<\/p>\n\n<p>Od su\u0161tinskog je zna\u010daja da priznamo vrednost nepla\u0107enog rada u oblasti brige i da preduzmemo korake za podr\u0161ku onima koji obavljaju ovaj rad, naro\u010dito \u017eenama i marginalizovanim zajednicama. Pi\u0161emo vam kako bismo vas podstakli da pitanje nepla\u0107enog rada u oblasti brige stavite u prvi plan javne agende, tako \u0161to \u0107ete ga razmotriti na jednoj plenarnoj sednici Skup\u0161tine.<\/p>\n\n<p>Predla\u017eemo Skup\u0161tini da razmotri i diskutuje o najboljim na\u010dinima kako da:<\/p>\n\n<ul class=\"has-small-font-size wp-block-list\"><li>\u0160ira javnost treba da bude upoznata sa konceptom nepla\u0107enog rada u oblasti nege, kako bi se promenili stavovi dru\u0161tva prema tom radu i kako bi se on prepoznao kao dragocen doprinos na\u0161im porodicama i zajednicama;<\/li><li>Treba podsticati dodatna istra\u017eivanja u ovom pravcu;<\/li><li>Treba razvijati politike i programe za podr\u0161ku onima koji obavljaju nepla\u0107eni negovateljski rad, uklju\u010duju\u0107i pristup pristupa\u010dnim uslugama brige o deci;<\/li><li>Treba razvijati politike za podr\u0161ku dugoro\u010dnoj nezi starijih osoba i osoba sa posebnim potrebama, uklju\u010duju\u0107i pristup pristupa\u010dnim i kvalitetnim ustanovama za negu;<\/li><li>Raditi na sprovo\u0111enju nove EU agende za nepla\u0107eni negovateljski rad (European Care Strategy), koja ima za cilj smanjenje rodne nejednakosti i promovisanje inkluzivnog rasta prepoznavanjem i vrednovanjem nepla\u0107enog negovateljskog rada koji je klju\u010dan za funkcionisanje na\u0161ih ekonomija i dru\u0161tava.<\/li><\/ul>\n\n<p>Smatramo da je izuzetno va\u017eno preduzeti mere po ovom va\u017enom pitanju i da Skup\u0161tina treba da pomogne u promovisanju pravednijeg i ravnopravnijeg dru\u0161tva na Kosovu.<\/p>\n\n<p>U prilogu ovom pismu nalazi se istra\u017eivanje na\u0161e organizacije u kojem mo\u017eete prona\u0107i kvantitativne i kvalitativne podatke o Kosovu. Ostajemo vam na raspolaganju za bilo kakve informacije i podr\u0161ku koja vam je potrebna da biste se pozabavili ovim pitanjem.<\/p>\n\n<p>Hvala vam na pa\u017enji posve\u0107enoj ovom pitanju.<\/p>\n\n<p>Iskreno,<\/p>\n\n<p><strong>Institut za dru\u0161tvene politike &#8222;Musine Kokalari&#8220;<\/strong><\/p>\n","protected":false},"excerpt":{"rendered":"<p>Nega kao nepla\u0107eni rad da se diskutuje na parlamentarnom zasedanju Institut za socijalne politike Musine Kokalari danas je dostavio Predsedni\u0161tvu Skup\u0161tine Republike Kosovo i predsednicima\/parovima parlamentarnih grupa pismo za zastupanje kojim tra\u017ei pokretanje parlamentarne rasprave sa fokusom na negu kao nepla\u0107eni rad. Nega kao nepla\u0107eni rad odnosi se na rad koji obi\u010dno obavljaju osobe unutar [&hellip;]<\/p>\n","protected":false},"author":3,"featured_media":0,"comment_status":"open","ping_status":"open","sticky":false,"template":"","format":"standard","meta":{"footnotes":""},"categories":[6],"tags":[],"class_list":["post-7140","post","type-post","status-publish","format-standard","hentry","category-uncategorized-sr"],"_links":{"self":[{"href":"https:\/\/musineinstitute.org\/sr\/wp-json\/wp\/v2\/posts\/7140","targetHints":{"allow":["GET"]}}],"collection":[{"href":"https:\/\/musineinstitute.org\/sr\/wp-json\/wp\/v2\/posts"}],"about":[{"href":"https:\/\/musineinstitute.org\/sr\/wp-json\/wp\/v2\/types\/post"}],"author":[{"embeddable":true,"href":"https:\/\/musineinstitute.org\/sr\/wp-json\/wp\/v2\/users\/3"}],"replies":[{"embeddable":true,"href":"https:\/\/musineinstitute.org\/sr\/wp-json\/wp\/v2\/comments?post=7140"}],"version-history":[{"count":1,"href":"https:\/\/musineinstitute.org\/sr\/wp-json\/wp\/v2\/posts\/7140\/revisions"}],"predecessor-version":[{"id":7141,"href":"https:\/\/musineinstitute.org\/sr\/wp-json\/wp\/v2\/posts\/7140\/revisions\/7141"}],"wp:attachment":[{"href":"https:\/\/musineinstitute.org\/sr\/wp-json\/wp\/v2\/media?parent=7140"}],"wp:term":[{"taxonomy":"category","embeddable":true,"href":"https:\/\/musineinstitute.org\/sr\/wp-json\/wp\/v2\/categories?post=7140"},{"taxonomy":"post_tag","embeddable":true,"href":"https:\/\/musineinstitute.org\/sr\/wp-json\/wp\/v2\/tags?post=7140"}],"curies":[{"name":"wp","href":"https:\/\/api.w.org\/{rel}","templated":true}]}}