{"id":7134,"date":"2025-07-21T11:41:17","date_gmt":"2025-07-21T11:41:17","guid":{"rendered":"https:\/\/musineinstitute.org\/bislimi-sa-seksistickim-jezikom-vlada-treba-da-se-distancira\/"},"modified":"2025-07-21T11:41:18","modified_gmt":"2025-07-21T11:41:18","slug":"bislimi-sa-seksistickim-jezikom-vlada-treba-da-se-distancira","status":"publish","type":"post","link":"https:\/\/musineinstitute.org\/sr\/bislimi-sa-seksistickim-jezikom-vlada-treba-da-se-distancira\/","title":{"rendered":"BISLIMI SA SEKSISTI\u010cKIM JEZIKOM \u2013 VLADA TREBA DA SE DISTANCIRA"},"content":{"rendered":"\n<p>Zamenik premijera Besnik Bislimi na dana\u0161njem parlamentarnom su\u010deljavanju sa poslanicom PDK-a Ariana Musliu Shoshi koristio je seksisti\u010dki i neprihvatljiv jezik za Skup\u0161tinu, ali i za \u0161iru javnost. Rekao je poslanici: \u201eTako\u0111e je besmislen va\u0161 nagon za privla\u010denjem javne pa\u017enje.\u201d Takav jezik, osim \u0161to prikriva nedostatak argumenata, oslikava izuzetno problemati\u010dnu sliku o \u017eenama koje su politi\u010dki anga\u017eovane. \u010cini se da je Bislimi koristio ovu terminologiju prevode\u0107i engleski izraz \u201eattention whore\u201c, odnosno \u201ekurva pa\u017enje\u201c. Naglasak treba biti na re\u010di \u201ekurva\u201c. U re\u010dniku albanskog jezika re\u010d \u201eepsh\u201c ima isklju\u010divo seksualnu konotaciju. Prema definiciji, \u201eepsh\u201c je \u201evelika \u017eelja za zadovoljenjem telesnih u\u017eitaka, veliki \u017ear mesa i krvi\u201c. Shodno tome, niko ne mo\u017ee imati \u201eepsh\u201c za politi\u010dki anga\u017eman ili pa\u017enju, osim za seksualno telesno zadovoljstvo.<br\/><br\/>Povezivanje politi\u010dkog anga\u017emana \u017eene sa re\u010dju \u201eepsh\u201c predstavlja javno omalova\u017eavanje \u017eene i ula\u017ee u ve\u0107 postoje\u0107e patrijarhalne kulturne predrasude na\u0161eg dru\u0161tva. \u017dena koja je javno anga\u017eovana posmatra se sa sumnjom. Kao da je naivna. Tako\u0111e sam to video kod Besnika Bislimija. Zamislite da je on zamenik premijera Vlade Republike. Zamislite da je ova Vlada deklarativno progresivna, a poti\u010de iz partije koja se deklarativno zala\u017ee za socijaldemokratiju (\u0161to je ironi\u010dno jer su upravo zavr\u0161ili tradicionalne aktivnosti pod nazivom \u201eMart donosi prole\u0107e \u017dENE JEDNAKE PRAVA\u201c). Zamislite da je gospodin Bislimi profesor, dakle osoba koja treba da prenosi znanje studentima.<br\/><br\/>Institut Musine Kokalari tra\u017ei od zamenika premijera da se odmah povu\u010de iz ovih napada i uvreda zasnovanih na polu. Tra\u017eimo od Vlade i Premijera da se tako\u0111e distanciraju od ovog seksisti\u010dkog jezika. Tra\u017eimo od predsednika Skup\u0161tine da bude odlu\u010dniji u osudi upotrebe takvog jezika tokom sednica Skup\u0161tine. Jedan od zabrinjavaju\u0107ih problema u Kosovu, koji se pojavljuje i u me\u0111unarodnim izve\u0161tajima o Kosovu, jeste porast nasilja nad \u017eenama. Upotreba ovakvog jezika se tako\u0111e klasifikuje kao nasilje nad \u017eenama. Zato, prestanite!<\/p>\n\n<p>Pri\u0161tina, 6. april 2023<\/p>\n","protected":false},"excerpt":{"rendered":"<p>Zamenik premijera Besnik Bislimi na dana\u0161njem parlamentarnom su\u010deljavanju sa poslanicom PDK-a Ariana Musliu Shoshi koristio je seksisti\u010dki i neprihvatljiv jezik za Skup\u0161tinu, ali i za \u0161iru javnost. Rekao je poslanici: \u201eTako\u0111e je besmislen va\u0161 nagon za privla\u010denjem javne pa\u017enje.\u201d Takav jezik, osim \u0161to prikriva nedostatak argumenata, oslikava izuzetno problemati\u010dnu sliku o \u017eenama koje su politi\u010dki [&hellip;]<\/p>\n","protected":false},"author":3,"featured_media":2080,"comment_status":"open","ping_status":"open","sticky":false,"template":"","format":"standard","meta":{"footnotes":""},"categories":[6],"tags":[],"class_list":["post-7134","post","type-post","status-publish","format-standard","has-post-thumbnail","hentry","category-uncategorized-sr"],"_links":{"self":[{"href":"https:\/\/musineinstitute.org\/sr\/wp-json\/wp\/v2\/posts\/7134","targetHints":{"allow":["GET"]}}],"collection":[{"href":"https:\/\/musineinstitute.org\/sr\/wp-json\/wp\/v2\/posts"}],"about":[{"href":"https:\/\/musineinstitute.org\/sr\/wp-json\/wp\/v2\/types\/post"}],"author":[{"embeddable":true,"href":"https:\/\/musineinstitute.org\/sr\/wp-json\/wp\/v2\/users\/3"}],"replies":[{"embeddable":true,"href":"https:\/\/musineinstitute.org\/sr\/wp-json\/wp\/v2\/comments?post=7134"}],"version-history":[{"count":1,"href":"https:\/\/musineinstitute.org\/sr\/wp-json\/wp\/v2\/posts\/7134\/revisions"}],"predecessor-version":[{"id":7135,"href":"https:\/\/musineinstitute.org\/sr\/wp-json\/wp\/v2\/posts\/7134\/revisions\/7135"}],"wp:featuredmedia":[{"embeddable":true,"href":"https:\/\/musineinstitute.org\/sr\/wp-json\/wp\/v2\/media\/2080"}],"wp:attachment":[{"href":"https:\/\/musineinstitute.org\/sr\/wp-json\/wp\/v2\/media?parent=7134"}],"wp:term":[{"taxonomy":"category","embeddable":true,"href":"https:\/\/musineinstitute.org\/sr\/wp-json\/wp\/v2\/categories?post=7134"},{"taxonomy":"post_tag","embeddable":true,"href":"https:\/\/musineinstitute.org\/sr\/wp-json\/wp\/v2\/tags?post=7134"}],"curies":[{"name":"wp","href":"https:\/\/api.w.org\/{rel}","templated":true}]}}