{"id":7130,"date":"2025-07-21T10:53:21","date_gmt":"2025-07-21T10:53:21","guid":{"rendered":"https:\/\/musineinstitute.org\/poziv-za-prijavljivanje\/"},"modified":"2025-07-21T10:53:21","modified_gmt":"2025-07-21T10:53:21","slug":"poziv-za-prijavljivanje","status":"publish","type":"post","link":"https:\/\/musineinstitute.org\/sr\/poziv-za-prijavljivanje\/","title":{"rendered":"Poziv za prijavljivanje!"},"content":{"rendered":"\n<p><strong>AKADEMIJA ZA JAVNE I SOCIJALNE POLITIKE<\/strong><\/p>\n\n<p>10\u201314. jul 2023<\/p>\n\n<p>Institut za socijalne politike Musine Kokalari otvara poziv za prijave za Akademiju javnih i socijalnih politika.<\/p>\n\n<p>Akademija 2023 \u0107e se odr\u017eati u hotelu Nartel u Pri\u0161tini (Kosovo) od 10. do 14. jula 2023.<\/p>\n\n<p>Tokom jedne sedmice ima\u0107ete priliku da pratite module koje \u0107e dr\u017eati istaknuti predava\u010di, istra\u017eiva\u010di, stru\u010dnjaci i profesori sa Kosova, iz regiona i Evropske unije.<\/p>\n\n<p>Program Akademije za javne i socijalne politike objedinjuje teorijska predavanja i prakti\u010dnu obuku, uz kolektivne diskusije, radionice na odre\u0111ene teme, kao i dru\u0161tvene i kulturne aktivnosti.<\/p>\n\n<p>Pogledajte video sa Akademije 2022:<\/p>\n\n<p><strong>Program Akademije sadr\u017ei module o slede\u0107im temama:<\/strong><\/p>\n\n<ul class=\"wp-block-list\">\n<li>Nacija, nacionalni mitovi, etnicitet, dr\u017eavljanstvo i gra\u0111anstvo<\/li>\n\n\n\n<li>Politi\u010dke ideologije<\/li>\n\n\n\n<li>Jednakost i Inkluzija<\/li>\n\n\n\n<li>\u017divotna Sredina<\/li>\n\n\n\n<li>Javne i socijalne politike \/ Ekonomski razvojni modeli<\/li>\n<\/ul>\n\n<p>Op\u0161ti cilj Akademije je obrazovanje, edukacija i obuka mladih sa progresivnim idejama o dru\u0161tvenim vrednostima, kao \u0161to su socijalna pravda, antidiskriminacija, gra\u0111anstvo, sloboda izra\u017eavanja, rodna ravnopravnost, antirasizam, radni\u010dka prava itd., kako bi stekli vi\u0161e ve\u0161tina za aktivno u\u010de\u0161\u0107e u javnoj sferi u vezi sa dru\u0161tvenim i politi\u010dkim pitanjima.<\/p>\n\n<p>Akademija za javne i socijalne politike organizuje se uz podr\u0161ku Olof Palme International Center, Ambasade \u0160vedske i Community Development Fund, Rockefeller Brothers Fund i Heinrich B\u00f6ll Stiftung.<\/p>\n\n<p>Sve tro\u0161kove u vezi sa u\u010de\u0161\u0107em na Akademiji pokriva Institut Musine Kokalari, uklju\u010duju\u0107i putne tro\u0161kove u\u010desnika, hranu i pi\u0107e. Za u\u010desnike van Pri\u0161tine bi\u0107e pokriveni i tro\u0161kovi sme\u0161taja. Prevod na albanski i srpski jezik je obezbe\u0111en.<\/p>\n\n<p><strong>KO MO\u017dE DA SE PRIJAVI?<\/strong><\/p>\n\n<p>Za Akademiju \u0107e biti odabrano 30 u\u010desnika. Ohrabruje se prijava devojaka i \u017eena, kao i kandidata iz manjinskih zajednica na Kosovu. Prednost imaju kandidati sa znanjem engleskog jezika.<\/p>\n\n<p><strong>Mo\u017ee\u0161 da se prijavi\u0161 na Akademiju ako:<\/strong><\/p>\n\n<ul class=\"wp-block-list\">\n<li>Ima\u0161 izme\u0111u 18 i 28 godina;<\/li>\n\n\n\n<li>Studira\u0161 ili si diplomirao\/diplomirala na nekom od slede\u0107ih polja: politika, sociologija, filozofija, ekonomija, pravo, novinarstvo ili srodne oblasti povezane sa javnim i socijalnim politikama;<\/li>\n\n\n\n<li>Ima\u0161 osnovno znanje i interesovanje za javna i politi\u010dka pitanja.<\/li>\n<\/ul>\n\n<p><strong>Pozivamo vas da po\u0161aljete dokumenta za prijavu:<\/strong><\/p>\n\n<ul class=\"wp-block-list\">\n<li>CV<\/li>\n\n\n\n<li>Motivaciono pismo<\/li>\n<\/ul>\n\n<p><strong>SELEKCIJA<\/strong><\/p>\n\n<p>Proces selekcije kandidata sastoji se iz dve faze. Tokom prve faze kandidati \u0107e biti predizabrani na osnovu biografije i motivacionog pisma. Kvalifikovani kandidati bi\u0107e pozvani na intervju. Cilj intervjua je upoznavanje sa u\u010desnicima.<\/p>\n\n<p>Izabrani u\u010desnici koji prate Akademiju u celosti dobi\u0107e sertifikat o uspe\u0161nom zavr\u0161etku ovog programa.<\/p>\n\n<p><strong>ROK ZA PRIJAVU<\/strong><\/p>\n\n<p>Po\u0161aljite dokumenta za prijavu putem e-po\u0161te: <strong>info@musineinstitute.org najkasnije do 11. juna 2023. u 23:59 \u010dasova.<\/strong><\/p>\n","protected":false},"excerpt":{"rendered":"<p>AKADEMIJA ZA JAVNE I SOCIJALNE POLITIKE 10\u201314. jul 2023 Institut za socijalne politike Musine Kokalari otvara poziv za prijave za Akademiju javnih i socijalnih politika. Akademija 2023 \u0107e se odr\u017eati u hotelu Nartel u Pri\u0161tini (Kosovo) od 10. do 14. jula 2023. Tokom jedne sedmice ima\u0107ete priliku da pratite module koje \u0107e dr\u017eati istaknuti predava\u010di, [&hellip;]<\/p>\n","protected":false},"author":3,"featured_media":2123,"comment_status":"open","ping_status":"open","sticky":false,"template":"","format":"standard","meta":{"footnotes":""},"categories":[6],"tags":[],"class_list":["post-7130","post","type-post","status-publish","format-standard","has-post-thumbnail","hentry","category-uncategorized-sr"],"_links":{"self":[{"href":"https:\/\/musineinstitute.org\/sr\/wp-json\/wp\/v2\/posts\/7130","targetHints":{"allow":["GET"]}}],"collection":[{"href":"https:\/\/musineinstitute.org\/sr\/wp-json\/wp\/v2\/posts"}],"about":[{"href":"https:\/\/musineinstitute.org\/sr\/wp-json\/wp\/v2\/types\/post"}],"author":[{"embeddable":true,"href":"https:\/\/musineinstitute.org\/sr\/wp-json\/wp\/v2\/users\/3"}],"replies":[{"embeddable":true,"href":"https:\/\/musineinstitute.org\/sr\/wp-json\/wp\/v2\/comments?post=7130"}],"version-history":[{"count":1,"href":"https:\/\/musineinstitute.org\/sr\/wp-json\/wp\/v2\/posts\/7130\/revisions"}],"predecessor-version":[{"id":7131,"href":"https:\/\/musineinstitute.org\/sr\/wp-json\/wp\/v2\/posts\/7130\/revisions\/7131"}],"wp:featuredmedia":[{"embeddable":true,"href":"https:\/\/musineinstitute.org\/sr\/wp-json\/wp\/v2\/media\/2123"}],"wp:attachment":[{"href":"https:\/\/musineinstitute.org\/sr\/wp-json\/wp\/v2\/media?parent=7130"}],"wp:term":[{"taxonomy":"category","embeddable":true,"href":"https:\/\/musineinstitute.org\/sr\/wp-json\/wp\/v2\/categories?post=7130"},{"taxonomy":"post_tag","embeddable":true,"href":"https:\/\/musineinstitute.org\/sr\/wp-json\/wp\/v2\/tags?post=7130"}],"curies":[{"name":"wp","href":"https:\/\/api.w.org\/{rel}","templated":true}]}}