{"id":7122,"date":"2025-07-21T09:54:42","date_gmt":"2025-07-21T09:54:42","guid":{"rendered":"https:\/\/musineinstitute.org\/vlada-hitno-da-otvori-dijalog-sa-rudarima-trepce\/"},"modified":"2025-07-21T09:54:43","modified_gmt":"2025-07-21T09:54:43","slug":"vlada-hitno-da-otvori-dijalog-sa-rudarima-trepce","status":"publish","type":"post","link":"https:\/\/musineinstitute.org\/sr\/vlada-hitno-da-otvori-dijalog-sa-rudarima-trepce\/","title":{"rendered":"Vlada hitno da otvori dijalog sa rudarima Trep\u010de"},"content":{"rendered":"\n<p>Ispod navedene organizacije izra\u017eavaju duboko nezadovoljstvo pristupom Vlade Kosova prema rudarima preduze\u0107a \u201eTrep\u010da\u201c, koji su danas u\u0161li u deveti dan \u0161trajka.<\/p>\n\n<p>Oko 30 rudara zatra\u017eilo je medicinsku pomo\u0107 samo u poslednja 24 sata. Dok se njihovo zdravstveno stanje pogor\u0161ava zbog \u0161trajka gla\u0111u, Vlada Kosova nastavlja da ima indiferentan pristup prema velikom problemu sa kojim se suo\u010davaju radnici u tom preduze\u0107u, preduze\u0107u koje se konstantno smatra od velikog zna\u010daja za ekonomski razvoj zemlje.<\/p>\n\n<p>Rudari \u0161trajkuju zbog jednostavnih zahteva \u2013 redovne isplate plata, boljih radnih uslova i odgovornosti menad\u017ementa preduze\u0107a. Ovi zahtevi su osnovni u procesu rada radnika i preduze\u0107a i trebalo bi da budu ispunjeni bez potrebe za \u0161trajkom. Ne samo da se to nije desilo, ve\u0107 je menad\u017ement odlu\u010dio da napadne \u0161trajka\u010de tako \u0161to je suspendovao pet rudara koji su u \u0161trajku.<\/p>\n\n<p>Tako\u0111e je neprihvatljivo pona\u0161anje menad\u017ementa prema radnicima rudnika objavljivanjem fotografija sa ciljem optu\u017eivanja radnika za kr\u0161enje \u0161trajka, koje u su\u0161tini poni\u017eavaju radnike na ljudskom nivou. Menad\u017ement treba da se bavi realizacijom mogu\u0107nosti za ispunjenje njihovih zahteva. \u0160trajk gla\u0111u niko ne zapo\u010dinje bez razloga.<\/p>\n\n<p>Mediji su izvestili da ministarka za ekonomski razvoj, gospo\u0111a Artane Rizvanolli, nije se pojavila na izve\u0161taju pred Komisijom za ekonomiju, industriju, preduzetni\u0161tvo i trgovinu u Skup\u0161tini Kosova. Vlada bi trebalo otvoreno da podr\u017ei zahteve radnika i kritikuje menad\u017ement.<\/p>\n\n<p>Uop\u0161teno, pona\u0161anje ove vlade prema sindikalnim radnicima bilo je brutalno i neprihvatljivo, po\u010dev\u0161i od pristupa \u0161trajku sindikata radnika u obrazovanju ranije, pa do sada\u0161njeg nedostatka dijaloga sa rudarima Trep\u010de. Ovaj pristup ozbiljno ugro\u017eava napore radnika da dobiju ono \u0161to im pripada i dugoro\u010dno \u0161teti sindikalizmu.<\/p>\n\n<p>Ispod navedene organizacije pozivaju menad\u017ement preduze\u0107a i Vladu da hitno otvore dijalog sa \u0161trajka\u010dima i \u0161to pre otvorenije razmotre mogu\u0107nosti za postizanje kompromisa u cilju re\u0161avanja problema i zahteva radnika.<\/p>\n\n<p><strong>Institut za socijalne politike Musine Kokalari<\/strong><\/p>\n\n<p><strong>Centar za informisanje, kritiku i akciju \u2013 QIKA<\/strong><\/p>\n\n<p><strong>Kvalitetni institut za istra\u017eivanja, analize i obuke \u2013 iCHAT<\/strong><\/p>\n\n<p><strong>NVO Bo\u017eanska \u017dena<\/strong><\/p>\n\n<p><strong>Institut za afirmativnu akciju<\/strong><\/p>\n\n<p><\/p>\n\n<p>1. novembar 2023<\/p>\n\n<h2 class=\"wp-block-heading\"><\/h2>\n","protected":false},"excerpt":{"rendered":"<p>NVO pozivaju upravu preduze\u0107a i Vladu da hitno otvore dijalog sa \u0161trajka\u010dima i \u0161to pre razmotre mogu\u0107nosti za postizanje kompromisa u cilju re\u0161avanja problema i zahteva radnika.<\/p>\n","protected":false},"author":3,"featured_media":2204,"comment_status":"open","ping_status":"open","sticky":false,"template":"","format":"standard","meta":{"footnotes":""},"categories":[74,6],"tags":[],"class_list":["post-7122","post","type-post","status-publish","format-standard","has-post-thumbnail","hentry","category-drustvena-ekologija","category-uncategorized-sr"],"_links":{"self":[{"href":"https:\/\/musineinstitute.org\/sr\/wp-json\/wp\/v2\/posts\/7122","targetHints":{"allow":["GET"]}}],"collection":[{"href":"https:\/\/musineinstitute.org\/sr\/wp-json\/wp\/v2\/posts"}],"about":[{"href":"https:\/\/musineinstitute.org\/sr\/wp-json\/wp\/v2\/types\/post"}],"author":[{"embeddable":true,"href":"https:\/\/musineinstitute.org\/sr\/wp-json\/wp\/v2\/users\/3"}],"replies":[{"embeddable":true,"href":"https:\/\/musineinstitute.org\/sr\/wp-json\/wp\/v2\/comments?post=7122"}],"version-history":[{"count":1,"href":"https:\/\/musineinstitute.org\/sr\/wp-json\/wp\/v2\/posts\/7122\/revisions"}],"predecessor-version":[{"id":7123,"href":"https:\/\/musineinstitute.org\/sr\/wp-json\/wp\/v2\/posts\/7122\/revisions\/7123"}],"wp:featuredmedia":[{"embeddable":true,"href":"https:\/\/musineinstitute.org\/sr\/wp-json\/wp\/v2\/media\/2204"}],"wp:attachment":[{"href":"https:\/\/musineinstitute.org\/sr\/wp-json\/wp\/v2\/media?parent=7122"}],"wp:term":[{"taxonomy":"category","embeddable":true,"href":"https:\/\/musineinstitute.org\/sr\/wp-json\/wp\/v2\/categories?post=7122"},{"taxonomy":"post_tag","embeddable":true,"href":"https:\/\/musineinstitute.org\/sr\/wp-json\/wp\/v2\/tags?post=7122"}],"curies":[{"name":"wp","href":"https:\/\/api.w.org\/{rel}","templated":true}]}}