{"id":7118,"date":"2025-07-18T11:38:51","date_gmt":"2025-07-18T11:38:51","guid":{"rendered":"https:\/\/musineinstitute.org\/sastanak-sa-mladima-iz-lipljana-i-fushe-kosova-glas-zajednica-za-buducnost\/"},"modified":"2025-07-28T12:58:54","modified_gmt":"2025-07-28T12:58:54","slug":"sastanak-sa-mladima-iz-lipljana-i-fushe-kosova-glas-zajednica-za-buducnost","status":"publish","type":"post","link":"https:\/\/musineinstitute.org\/sr\/sastanak-sa-mladima-iz-lipljana-i-fushe-kosova-glas-zajednica-za-buducnost\/","title":{"rendered":"Sastanak sa mladima iz Lipljana i Fush\u00eb Kosova: Glas zajednica za budu\u0107nost"},"content":{"rendered":"\n<p>U okviru inicijative za dijalog i gra\u0111ansko uklju\u010divanje, ove nedelje je odr\u017eana diskusija sa mladima iz romske i a\u0161kalijske zajednice iz op\u0161tina Lipljan i Kosovo Polje (Fush\u00eb Kosov\u00eb).<\/p>\n\n<p>Cilj ovog sastanka bio je da se \u010duju njihova svakodnevna iskustva, identifikuju glavni izazovi sa kojima se suo\u010davaju i razmotre mogu\u0107nosti za uklju\u010divanje i me\u0111uetni\u010dki su\u017eivot.<\/p>\n\n<p>Klju\u010dna pitanja koja su u\u010desnici istakli uklju\u010duju: Diskriminaciju i socijalnu isklju\u010denost u \u0161kolama i na tr\u017ei\u0161tu rada; Nedostatak istinske politi\u010dke zastupljenosti i nisko poverenje u institucije; Nejednak pristup javnim uslugama kao \u0161to su zdravstvo, infrastruktura i pravda; Korupciju i nedostatak transparentnosti u raspodeli institucionalne podr\u0161ke; Segregaciju u \u0161kolama i urbanim naseljima, naro\u010dito u ve\u0107im gradovima.<\/p>\n\n<p>Tako\u0111e su naglasili da su me\u0111uljudski odnosi sa albanskom i srpskom zajednicom \u010desto pozitivni, iako predrasude i dalje postoje. Prime\u0107eno je da je u selima kao \u0161to su Plemetina i u pojedinim delovima Fush\u00eb Kosove nivo rasizma ni\u017ei u pore\u0111enju sa urbanim sredinama.<\/p>\n\n<p>Istaknuto je i da mnogi u\u010denici napu\u0161taju \u0161kolu zbog siroma\u0161tva i uklju\u010duju se u rad u ranom uzrastu. Dok je neformalno obrazovanje i u\u010de\u0161\u0107e u javnom \u017eivotu primetnije u ovim zajednicama, ono se uglavnom odvija uz podr\u0161ku razli\u010ditih organizacija iz zajednice.<\/p>\n\n<p>U\u010desnici su izrazili nadu da \u0107e obrazovanje biti klju\u010d za uklju\u010divanje i me\u0111usobno po\u0161tovanje u budu\u0107nosti. Iako postoje stipendije, u\u010de\u0161\u0107e u visokom obrazovanju ostaje vrlo nisko. Mladi su izrazili sna\u017enu \u017eelju za integracijom, dostojanstvenim zapo\u0161ljavanjem i smanjenjem diskriminacije.<\/p>\n\n<p><em>Ova aktivnost je realizovana u okviru projekta <strong>\u201ePodsticanje politi\u010dkog dijaloga o me\u0111uetni\u010dkoj i socijalnoj koheziji\u201c, <\/strong>koji podr\u017eava <strong>National Endowment for Democracy (NED),<\/strong> a sprovodi <strong>Institut za socijalne politike Musine Kokalari.<\/strong> <\/em><\/p>\n\n<figure class=\"wp-block-gallery has-nested-images columns-default is-cropped wp-block-gallery-1 is-layout-flex wp-block-gallery-is-layout-flex\">\n<figure class=\"wp-block-image size-large\"><img fetchpriority=\"high\" decoding=\"async\" width=\"1024\" height=\"768\" data-id=\"7090\" src=\"https:\/\/musineinstitute.org\/wp-content\/uploads\/2025\/07\/P1027271-1024x768.jpg\" alt=\"\" class=\"wp-image-7090\" srcset=\"https:\/\/musineinstitute.org\/wp-content\/uploads\/2025\/07\/P1027271-1024x768.jpg 1024w, https:\/\/musineinstitute.org\/wp-content\/uploads\/2025\/07\/P1027271-300x225.jpg 300w, https:\/\/musineinstitute.org\/wp-content\/uploads\/2025\/07\/P1027271-768x576.jpg 768w, https:\/\/musineinstitute.org\/wp-content\/uploads\/2025\/07\/P1027271-1536x1152.jpg 1536w, https:\/\/musineinstitute.org\/wp-content\/uploads\/2025\/07\/P1027271-2048x1536.jpg 2048w\" sizes=\"(max-width: 1024px) 100vw, 1024px\" \/><\/figure>\n\n\n\n<figure class=\"wp-block-image size-large\"><img decoding=\"async\" width=\"1024\" height=\"768\" data-id=\"7105\" src=\"https:\/\/musineinstitute.org\/wp-content\/uploads\/2025\/07\/P1027278-1024x768.jpg\" alt=\"\" class=\"wp-image-7105\" srcset=\"https:\/\/musineinstitute.org\/wp-content\/uploads\/2025\/07\/P1027278-1024x768.jpg 1024w, https:\/\/musineinstitute.org\/wp-content\/uploads\/2025\/07\/P1027278-300x225.jpg 300w, https:\/\/musineinstitute.org\/wp-content\/uploads\/2025\/07\/P1027278-768x576.jpg 768w, https:\/\/musineinstitute.org\/wp-content\/uploads\/2025\/07\/P1027278-1536x1152.jpg 1536w, https:\/\/musineinstitute.org\/wp-content\/uploads\/2025\/07\/P1027278-2048x1536.jpg 2048w\" sizes=\"(max-width: 1024px) 100vw, 1024px\" \/><\/figure>\n\n\n\n<figure class=\"wp-block-image size-large\"><img decoding=\"async\" width=\"1024\" height=\"768\" data-id=\"7108\" src=\"https:\/\/musineinstitute.org\/wp-content\/uploads\/2025\/07\/P1027279-1024x768.jpg\" alt=\"\" class=\"wp-image-7108\" srcset=\"https:\/\/musineinstitute.org\/wp-content\/uploads\/2025\/07\/P1027279-1024x768.jpg 1024w, https:\/\/musineinstitute.org\/wp-content\/uploads\/2025\/07\/P1027279-300x225.jpg 300w, https:\/\/musineinstitute.org\/wp-content\/uploads\/2025\/07\/P1027279-768x576.jpg 768w, https:\/\/musineinstitute.org\/wp-content\/uploads\/2025\/07\/P1027279-1536x1152.jpg 1536w, https:\/\/musineinstitute.org\/wp-content\/uploads\/2025\/07\/P1027279-2048x1536.jpg 2048w\" sizes=\"(max-width: 1024px) 100vw, 1024px\" \/><\/figure>\n\n\n\n<figure class=\"wp-block-image size-large\"><img loading=\"lazy\" decoding=\"async\" width=\"1024\" height=\"768\" data-id=\"7111\" src=\"https:\/\/musineinstitute.org\/wp-content\/uploads\/2025\/07\/P1027283-1024x768.jpg\" alt=\"\" class=\"wp-image-7111\" srcset=\"https:\/\/musineinstitute.org\/wp-content\/uploads\/2025\/07\/P1027283-1024x768.jpg 1024w, https:\/\/musineinstitute.org\/wp-content\/uploads\/2025\/07\/P1027283-300x225.jpg 300w, https:\/\/musineinstitute.org\/wp-content\/uploads\/2025\/07\/P1027283-768x576.jpg 768w, https:\/\/musineinstitute.org\/wp-content\/uploads\/2025\/07\/P1027283-1536x1152.jpg 1536w, https:\/\/musineinstitute.org\/wp-content\/uploads\/2025\/07\/P1027283-2048x1536.jpg 2048w\" sizes=\"(max-width: 1024px) 100vw, 1024px\" \/><\/figure>\n<\/figure>\n","protected":false},"excerpt":{"rendered":"<p>U okviru inicijative za dijalog i gra\u0111ansko uklju\u010divanje, ove nedelje je odr\u017eana diskusija sa mladima iz romske i a\u0161kalijske zajednice iz op\u0161tina Lipljan i Kosovo Polje (Fush\u00eb Kosov\u00eb). Cilj ovog sastanka bio je da se \u010duju njihova svakodnevna iskustva, identifikuju glavni izazovi sa kojima se suo\u010davaju i razmotre mogu\u0107nosti za uklju\u010divanje i me\u0111uetni\u010dki su\u017eivot. Klju\u010dna [&hellip;]<\/p>\n","protected":false},"author":4,"featured_media":7089,"comment_status":"open","ping_status":"open","sticky":false,"template":"","format":"standard","meta":{"footnotes":""},"categories":[18,59,49],"tags":[],"class_list":["post-7118","post","type-post","status-publish","format-standard","has-post-thumbnail","hentry","category-balline-sr","category-obrazovanje","category-vesti"],"_links":{"self":[{"href":"https:\/\/musineinstitute.org\/sr\/wp-json\/wp\/v2\/posts\/7118","targetHints":{"allow":["GET"]}}],"collection":[{"href":"https:\/\/musineinstitute.org\/sr\/wp-json\/wp\/v2\/posts"}],"about":[{"href":"https:\/\/musineinstitute.org\/sr\/wp-json\/wp\/v2\/types\/post"}],"author":[{"embeddable":true,"href":"https:\/\/musineinstitute.org\/sr\/wp-json\/wp\/v2\/users\/4"}],"replies":[{"embeddable":true,"href":"https:\/\/musineinstitute.org\/sr\/wp-json\/wp\/v2\/comments?post=7118"}],"version-history":[{"count":1,"href":"https:\/\/musineinstitute.org\/sr\/wp-json\/wp\/v2\/posts\/7118\/revisions"}],"predecessor-version":[{"id":7119,"href":"https:\/\/musineinstitute.org\/sr\/wp-json\/wp\/v2\/posts\/7118\/revisions\/7119"}],"wp:featuredmedia":[{"embeddable":true,"href":"https:\/\/musineinstitute.org\/sr\/wp-json\/wp\/v2\/media\/7089"}],"wp:attachment":[{"href":"https:\/\/musineinstitute.org\/sr\/wp-json\/wp\/v2\/media?parent=7118"}],"wp:term":[{"taxonomy":"category","embeddable":true,"href":"https:\/\/musineinstitute.org\/sr\/wp-json\/wp\/v2\/categories?post=7118"},{"taxonomy":"post_tag","embeddable":true,"href":"https:\/\/musineinstitute.org\/sr\/wp-json\/wp\/v2\/tags?post=7118"}],"curies":[{"name":"wp","href":"https:\/\/api.w.org\/{rel}","templated":true}]}}