{"id":2569,"date":"2024-12-04T11:06:32","date_gmt":"2024-12-04T11:06:32","guid":{"rendered":"https:\/\/musineinstitute.org\/?p=2569"},"modified":"2025-07-04T13:55:53","modified_gmt":"2025-07-04T13:55:53","slug":"regionalna-akademija-za-dostojanstveni-rad-na-zapadnom-balkanu","status":"publish","type":"post","link":"https:\/\/musineinstitute.org\/sr\/regionalna-akademija-za-dostojanstveni-rad-na-zapadnom-balkanu\/","title":{"rendered":"Regionalna akademija za dostojanstveni rad na Zapadnom Balkanu"},"content":{"rendered":"\n<p>Regionalna saradnja izme\u0111u sindikata i organizacija civilnog dru\u0161tva, uz kampanje, \u0161trajkove i pregovara\u010dke strategije za za\u0161titu rada, od su\u0161tinskog je zna\u010daja za unapre\u0111enje radnih prava kroz kolektivno delovanje i zalaganje, saop\u0161tila je Regionalna koalicija za dostojanstveni rad, koja obuhvata 45 organizacija sa zapadnog Balkana.<\/p>\n\n\n\n<p>Nepla\u0107eni rad u oblastima nege, rodna ravnopravnost na tr\u017ei\u0161tu rada, plata kao sredstvo za socijalnu pravdu, integracija socijalnih i radnih prava u Zelenu agendu i implikacije Direktive EU o korporativnoj odr\u017eivosti Due Diligence na Zapadnom Balkanu su me\u0111u klju\u010dnim temama koje su obuhva\u0107ene na Regionalnoj akademiji za dostojanstveni rad na Zapadnom Balkanu 2024, odr\u017eanoj u Igalu, Crna Gora.<\/p>\n\n\n\n<p>Akademija koju su organizovali Institut za socijalnu politiku &#8222;Musine Kokalari&#8220; na Kosovu, Centar za politike emancipacije Srbije, Udru\u017eenje za za\u0161titu na radu Crne Gore i ZORA \u2013 Udru\u017eenje za dru\u0161tveni, kulturni i kreativni razvoj Bosne i Hercegovine, slu\u017ei kao vitalna platforma za razmenu ideja, ja\u010danje regionalne saradnje i razvoj strategija za integraciju radnih prava u \u0161ire dru\u0161tvene i ekonomske politike.<\/p>\n\n\n\n<p>Vi\u0161e od 60 predstavnika sindikata i organizacija civilnog dru\u0161tva ponovo je potvrdilo svoju posve\u0107enost unapre\u0111enju radnih prava kroz kolektivno delovanje i zalaganje.<\/p>\n\n\n\n<p>28-30. novembar 2024<\/p>\n","protected":false},"excerpt":{"rendered":"<p>Regionalna saradnja izme\u0111u sindikata i organizacija civilnog dru\u0161tva, uz kampanje, \u0161trajkove i pregovara\u010dke strategije za za\u0161titu rada, od su\u0161tinskog je zna\u010daja za unapre\u0111enje radnih prava kroz kolektivno delovanje i zalaganje, saop\u0161tila je Regionalna koalicija za dostojanstveni rad, koja obuhvata 45 organizacija sa zapadnog Balkana.<\/p>\n<p>Nepla\u0107eni rad u oblastima nege, rodna ravnopravnost na tr\u017ei\u0161tu rada, plata kao sredstvo za socijalnu pravdu, integracija socijalnih i radnih prava u Zelenu agendu i implikacije Direktive EU o korporativnoj odr\u017eivosti Due Diligence na Zapadnom Balkanu su me\u0111u klju\u010dnim temama koje su obuhva\u0107ene na Regionalnoj akademiji za dostojanstveni rad na Zapadnom Balkanu 2024, odr\u017eanoj u Igalu, Crna Gora.<\/p>\n","protected":false},"author":3,"featured_media":2564,"comment_status":"open","ping_status":"open","sticky":false,"template":"","format":"standard","meta":{"footnotes":""},"categories":[51,49],"tags":[],"class_list":["post-2569","post","type-post","status-publish","format-standard","has-post-thumbnail","hentry","category-projekti","category-vesti"],"_links":{"self":[{"href":"https:\/\/musineinstitute.org\/sr\/wp-json\/wp\/v2\/posts\/2569","targetHints":{"allow":["GET"]}}],"collection":[{"href":"https:\/\/musineinstitute.org\/sr\/wp-json\/wp\/v2\/posts"}],"about":[{"href":"https:\/\/musineinstitute.org\/sr\/wp-json\/wp\/v2\/types\/post"}],"author":[{"embeddable":true,"href":"https:\/\/musineinstitute.org\/sr\/wp-json\/wp\/v2\/users\/3"}],"replies":[{"embeddable":true,"href":"https:\/\/musineinstitute.org\/sr\/wp-json\/wp\/v2\/comments?post=2569"}],"version-history":[{"count":2,"href":"https:\/\/musineinstitute.org\/sr\/wp-json\/wp\/v2\/posts\/2569\/revisions"}],"predecessor-version":[{"id":6744,"href":"https:\/\/musineinstitute.org\/sr\/wp-json\/wp\/v2\/posts\/2569\/revisions\/6744"}],"wp:featuredmedia":[{"embeddable":true,"href":"https:\/\/musineinstitute.org\/sr\/wp-json\/wp\/v2\/media\/2564"}],"wp:attachment":[{"href":"https:\/\/musineinstitute.org\/sr\/wp-json\/wp\/v2\/media?parent=2569"}],"wp:term":[{"taxonomy":"category","embeddable":true,"href":"https:\/\/musineinstitute.org\/sr\/wp-json\/wp\/v2\/categories?post=2569"},{"taxonomy":"post_tag","embeddable":true,"href":"https:\/\/musineinstitute.org\/sr\/wp-json\/wp\/v2\/tags?post=2569"}],"curies":[{"name":"wp","href":"https:\/\/api.w.org\/{rel}","templated":true}]}}