{"id":2126,"date":"2023-05-15T14:11:04","date_gmt":"2023-05-15T14:11:04","guid":{"rendered":"https:\/\/musineinstitute.org\/?p=2126"},"modified":"2023-05-15T14:11:05","modified_gmt":"2023-05-15T14:11:05","slug":"poziv-za-prijavu","status":"publish","type":"post","link":"https:\/\/musineinstitute.org\/sr\/poziv-za-prijavu\/","title":{"rendered":"Poziv za prijavu!"},"content":{"rendered":"\n<p><strong>AKADEMIJA ZA JAVNU I SOCIJALNU POLITIKU<\/strong><\/p>\n\n\n\n<p>10-14 JULI 2023<\/p>\n\n\n\n<p>Institut za socijalne politike Musine Kokalari otvara poziv za podno\u0161enje prijava za u\u010de\u0161\u0107e na Akademiju za Javnu i Socijalnu Politiku.<\/p>\n\n\n\n<p>Akademija \u0107e se odr\u017eati u hotelu &#8216;Nartel&#8217; u Pri\u0161tini (Kosovo), od 10 do 14. Jula 2023. godine. Tokom jedne nedelje ima\u0107ete priliku da pratite module istaknutih predava\u010da, istra\u017eiva\u010da, specijalista i pedagoga sa Kosova, regiona, kao i iz zemalja EU.<\/p>\n\n\n\n<p>Program Akademije za socijalne i javne politike objedinjuje teorijska predavanja i prakti\u010dnu obuku, pra\u0107eno sa kolektivnim razgovorima, radionicama na odre\u0111ene teme, dru\u0161tvenim i kulturnim aktivnostima.<\/p>\n\n\n\n<p>Pogledajte video sa Akademije 2022: <\/p>\n\n\n\n<p><strong>Program Akademije sadr\u017ei module na slede\u0107e teme:<\/strong><\/p>\n\n\n\n<ul class=\"wp-block-list\">\n<li>Nacija, nacionalni mitovi, etni\u010dka pripadnost, dr\u017eavljanstvo i <em>gra\u0111anstvo<\/em><\/li>\n\n\n\n<li>Politi\u010dke ideologije<\/li>\n\n\n\n<li>Jednakost i inkluzivnost<\/li>\n\n\n\n<li>\u017divotna sredina<\/li>\n\n\n\n<li>Javne i socijalne politike \/ Modeli ekonomskog razvoja<\/li>\n<\/ul>\n\n\n\n<p>Op\u0161ti cilj Akademije je edukacija mladih ljudi sa progresivnim idejama o dru\u0161tvenim vrednostima, poput socijalne pravde, antidiskriminacije, gra\u0111anstva, slobode izra\u017eavanja, rodna ravnopravnost, anti-rasizam, prava radnika itd. da steknu vi\u0161e ve\u0161tina da budu aktivni u javnoj sferi o dru\u0161tvenim i politi\u010dkim pitanjima.<\/p>\n\n\n\n<p>Akademija za javnu i socijalnu politiku organizuje se uz podr\u0161ku Olof Palme International Center, \u0160vedska Ambasada, Community Development Fund, <em>Rockefeller Brothers Fund i<\/em> Heinrich B\u00f6ll Stiftung.<\/p>\n\n\n\n<p>Sve tro\u0161kove vezane za u\u010de\u0161\u0107e na Akademiji bi\u0107e pokrivene od Institut za socijalne politike Musine Kokalari uklju\u010duju\u0107i: Putovanje; Prevodjenje, Hrana i tkd. Za u\u010desnike van Pri\u0161tine bi\u0107e pokriveni i tro\u0161kovi sme\u0161taja. Obezbe\u0111en je prevod na albanski i srpski jezik.<\/p>\n\n\n\n<p><strong>KO SE MO<\/strong><strong>\u017dE PRIJAVITI?<\/strong><\/p>\n\n\n\n<p>Akademije \u0107e izabrati 30 kandidata. Ohrabruje se prijava \u017eena i kandidata <em>neve\u0107inskih<\/em>&nbsp;zajednica. Poznavanje engleskog jezika je prednost za kandidate.<\/p>\n\n\n\n<p><strong>Mo\u017eete se prijaviti na Akademiju ako:<\/strong><\/p>\n\n\n\n<ul class=\"wp-block-list\">\n<li>Imate 18-25 godina;<\/li>\n\n\n\n<li>Studirate ili ste diplomirali u jednoj od ovih oblasti: politi\u010dke nauke, sociologija, filozofija, ekonomija, pravo, novinarstvo i druge sli\u010dne oblasti koje se odnose na javne i dru\u0161tvene politike;<\/li>\n\n\n\n<li>Imate osnovno znanje i interesovanje za javna i politi\u010dka pitanja.<\/li>\n<\/ul>\n\n\n\n<p><strong>Pozivamo vas da po\u0161aljete dokumentaciju za prijavu:<\/strong><\/p>\n\n\n\n<ul class=\"wp-block-list\">\n<li>CV<\/li>\n\n\n\n<li>Motivisano pismo<\/li>\n<\/ul>\n\n\n\n<p><strong>IZBOR<\/strong><\/p>\n\n\n\n<p>Proces izbora kandidata\/kinje sastoji se od dve faze. Tokom prve faze bi\u0107e vr\u0161en izbor na osnovu CV i motivacionog pisma. Kvalifikovani kandidati bi\u0107e pozvani na intervju. Svrha intervjua je informisanje u\u010desnika.<\/p>\n\n\n\n<p>Odabrani polaznici koji poha\u0111aju Akademiju u celini dobi\u0107e sertifikat po uspe\u0161nom zavr\u0161etku ovog programa.<\/p>\n\n\n\n<p><strong>ROK ZA PRIJAVU<\/strong> Po\u0161alji dokumentaciju za prijavu, putem e-po\u0161te: <strong><a href=\"mailto:info@musineinstitute.org\">info@musineinstitute.org<\/a> <\/strong><strong>do 11. Juna 2023. godine u 23.59.<\/strong><\/p>\n","protected":false},"excerpt":{"rendered":"<p>AKADEMIJA ZA JAVNU I SOCIJALNU POLITIKU 10-14 JULI 2023 Institut za socijalne politike Musine Kokalari otvara poziv za podno\u0161enje prijava za u\u010de\u0161\u0107e na Akademiju za Javnu i Socijalnu Politiku. Akademija \u0107e se odr\u017eati u hotelu &#8216;Nartel&#8217; u Pri\u0161tini (Kosovo), od 10 do 14. Jula 2023. godine. Tokom jedne nedelje ima\u0107ete priliku da pratite module istaknutih [&hellip;]<\/p>\n","protected":false},"author":3,"featured_media":2120,"comment_status":"open","ping_status":"open","sticky":false,"template":"","format":"standard","meta":{"footnotes":""},"categories":[18],"tags":[],"class_list":["post-2126","post","type-post","status-publish","format-standard","has-post-thumbnail","hentry","category-balline-sr"],"_links":{"self":[{"href":"https:\/\/musineinstitute.org\/sr\/wp-json\/wp\/v2\/posts\/2126","targetHints":{"allow":["GET"]}}],"collection":[{"href":"https:\/\/musineinstitute.org\/sr\/wp-json\/wp\/v2\/posts"}],"about":[{"href":"https:\/\/musineinstitute.org\/sr\/wp-json\/wp\/v2\/types\/post"}],"author":[{"embeddable":true,"href":"https:\/\/musineinstitute.org\/sr\/wp-json\/wp\/v2\/users\/3"}],"replies":[{"embeddable":true,"href":"https:\/\/musineinstitute.org\/sr\/wp-json\/wp\/v2\/comments?post=2126"}],"version-history":[{"count":1,"href":"https:\/\/musineinstitute.org\/sr\/wp-json\/wp\/v2\/posts\/2126\/revisions"}],"predecessor-version":[{"id":2127,"href":"https:\/\/musineinstitute.org\/sr\/wp-json\/wp\/v2\/posts\/2126\/revisions\/2127"}],"wp:featuredmedia":[{"embeddable":true,"href":"https:\/\/musineinstitute.org\/sr\/wp-json\/wp\/v2\/media\/2120"}],"wp:attachment":[{"href":"https:\/\/musineinstitute.org\/sr\/wp-json\/wp\/v2\/media?parent=2126"}],"wp:term":[{"taxonomy":"category","embeddable":true,"href":"https:\/\/musineinstitute.org\/sr\/wp-json\/wp\/v2\/categories?post=2126"},{"taxonomy":"post_tag","embeddable":true,"href":"https:\/\/musineinstitute.org\/sr\/wp-json\/wp\/v2\/tags?post=2126"}],"curies":[{"name":"wp","href":"https:\/\/api.w.org\/{rel}","templated":true}]}}