{"id":11076,"date":"2026-04-02T10:00:58","date_gmt":"2026-04-02T10:00:58","guid":{"rendered":"https:\/\/musineinstitute.org\/isp-musine-kokalari-i-sbashk-zapocinju-saradnju-na-jacanju-uloge-sindikata-u-obrazovanju\/"},"modified":"2026-04-02T10:00:58","modified_gmt":"2026-04-02T10:00:58","slug":"isp-musine-kokalari-i-sbashk-zapocinju-saradnju-na-jacanju-uloge-sindikata-u-obrazovanju","status":"publish","type":"post","link":"https:\/\/musineinstitute.org\/sr\/isp-musine-kokalari-i-sbashk-zapocinju-saradnju-na-jacanju-uloge-sindikata-u-obrazovanju\/","title":{"rendered":"ISP Musine Kokalari i SBAShK zapo\u010dinju saradnju na ja\u010danju uloge sindikata u obrazovanju"},"content":{"rendered":"\n<p>Ja\u010danje i razvoj uloge sindikata u obrazovanju bili su u fokusu konsultativnog sastanka izme\u0111u predstavnika Instituta za socijalne politike Musine Kokalari i Sindikata ujedinjenog obrazovanja, nauke i kulture (SBAShK).<\/p>\n\n<p>Sastanku su prisustvovali Visar Ymeri, Donika Marku Gashi i Drenusha Canolli iz Instituta, kao i potpredsednica Vjollca Shala i generalni sekretar Ymer Ymeri iz SBAShK, koji su predstavili klju\u010dne izazove i prioritete sindikata.<\/p>\n\n<p>Tokom razgovora istaknuto je da SBAShK, koji okuplja vi\u0161e od 80% zaposlenih u obrazovanju, ima potrebu za dodatnim ja\u010danjem kapaciteta, naro\u010dito u oblasti socijalnog dijaloga, kolektivnog pregovaranja i komunikacije sa institucijama. Posebno je nagla\u0161ena va\u017enost podr\u0161ke kroz istra\u017eivanja i stru\u010dne analize, kako bi se oja\u010dali argumenti u odnosu na donosioce odluka.<\/p>\n\n<p>Kao prioriteti izdvojeni su digitalizacija i modernizacija sindikalnih procesa, aktivnije uklju\u010divanje mladih, unapre\u0111enje rodne ravnopravnosti i pobolj\u0161anje komunikacije na nivou \u0161kola.<\/p>\n\n<p>Ukazano je i na problem nedovoljne informisanosti i uklju\u010denosti mladih nastavnika, kao posledice neefikasne komunikacije na lokalnom nivou, te na potrebu razvoja strategija za \u0161ire u\u010de\u0161\u0107e. Istovremeno, nedostatak institucionalnog dijaloga i nedovoljno re\u0161avanje pitanja poput nasilja u \u0161kolama ostaju zna\u010dajni izazovi.<\/p>\n\n<p>Ova aktivnost realizuje se uz podr\u0161ku programa Kosovske fondacije za civilno dru\u0161tvo (KCSF) \u201eEJA Kosovo\u201c, koji sufinansiraju \u0160vajcarska agencija za razvoj i saradnju (SDC) i \u0160vedska.<\/p>\n","protected":false},"excerpt":{"rendered":"<p>Ja\u010danje i razvoj uloge sindikata u obrazovanju bili su u fokusu konsultativnog sastanka izme\u0111u predstavnika Instituta za socijalne politike Musine Kokalari i Sindikata ujedinjenog obrazovanja, nauke i kulture (SBAShK). Sastanku su prisustvovali Visar Ymeri, Donika Marku Gashi i Drenusha Canolli iz Instituta, kao i potpredsednica Vjollca Shala i generalni sekretar Ymer Ymeri iz SBAShK, koji [&hellip;]<\/p>\n","protected":false},"author":4,"featured_media":11063,"comment_status":"open","ping_status":"open","sticky":false,"template":"","format":"standard","meta":{"footnotes":""},"categories":[18,65],"tags":[],"class_list":["post-11076","post","type-post","status-publish","format-standard","has-post-thumbnail","hentry","category-balline-sr","category-radnicko-pravo-i-zastupanje"],"_links":{"self":[{"href":"https:\/\/musineinstitute.org\/sr\/wp-json\/wp\/v2\/posts\/11076","targetHints":{"allow":["GET"]}}],"collection":[{"href":"https:\/\/musineinstitute.org\/sr\/wp-json\/wp\/v2\/posts"}],"about":[{"href":"https:\/\/musineinstitute.org\/sr\/wp-json\/wp\/v2\/types\/post"}],"author":[{"embeddable":true,"href":"https:\/\/musineinstitute.org\/sr\/wp-json\/wp\/v2\/users\/4"}],"replies":[{"embeddable":true,"href":"https:\/\/musineinstitute.org\/sr\/wp-json\/wp\/v2\/comments?post=11076"}],"version-history":[{"count":1,"href":"https:\/\/musineinstitute.org\/sr\/wp-json\/wp\/v2\/posts\/11076\/revisions"}],"predecessor-version":[{"id":11077,"href":"https:\/\/musineinstitute.org\/sr\/wp-json\/wp\/v2\/posts\/11076\/revisions\/11077"}],"wp:featuredmedia":[{"embeddable":true,"href":"https:\/\/musineinstitute.org\/sr\/wp-json\/wp\/v2\/media\/11063"}],"wp:attachment":[{"href":"https:\/\/musineinstitute.org\/sr\/wp-json\/wp\/v2\/media?parent=11076"}],"wp:term":[{"taxonomy":"category","embeddable":true,"href":"https:\/\/musineinstitute.org\/sr\/wp-json\/wp\/v2\/categories?post=11076"},{"taxonomy":"post_tag","embeddable":true,"href":"https:\/\/musineinstitute.org\/sr\/wp-json\/wp\/v2\/tags?post=11076"}],"curies":[{"name":"wp","href":"https:\/\/api.w.org\/{rel}","templated":true}]}}