{"id":6984,"date":"2025-07-16T07:40:14","date_gmt":"2025-07-16T07:40:14","guid":{"rendered":"https:\/\/musineinstitute.org\/the-conference-kosovo-serbia-a-different-approach-shapes-several-alternative-narratives-to-the-current-dominant-discourse\/"},"modified":"2025-07-16T07:40:14","modified_gmt":"2025-07-16T07:40:14","slug":"the-conference-kosovo-serbia-a-different-approach-shapes-several-alternative-narratives-to-the-current-dominant-discourse","status":"publish","type":"post","link":"https:\/\/musineinstitute.org\/en\/the-conference-kosovo-serbia-a-different-approach-shapes-several-alternative-narratives-to-the-current-dominant-discourse\/","title":{"rendered":"The conference \u201cKosovo-Serbia: A Different Approach\u201d shapes several alternative narratives to the current dominant discourse."},"content":{"rendered":"\n<p>On Friday, the Institute for Social Policies \u201cMusine Kokalari\u201d from Prishtina, in cooperation with the Institute for Philosophy and Social Theory from Belgrade, held the conference: \u201cKosovo-Serbia: A Different Approach.\u201d<\/p>\n\n<p>Jellena Vasiljevi\u0107, Dukagjin Gorani, Aleksandar Pavlovi\u0107, G\u00ebzim Krasniqi, Visar Ymeri, Filip Ballunovi\u0107, Besfort Kosova, and Belgzim Kamberi held discussions in Belgrade on the topics: \u201cReconstructing the Other and Citizenship\u201d and \u201cEconomy and Environment\u201d.<\/p>\n\n<p>During the discussions, several alternative narratives to the current dominant discourse in the respective fields were raised. The possibilities of common issues in topics that provoke social antagonisms and models for building citizenship were addressed, along with the economic policies needed to develop future relations and the necessary environmental policies.<\/p>\n\n<p>The next conference will be held in Prishtina, where other topics will be addressed before they are published in writing in a collection of essays.<\/p>\n\n<p>The conference \u201cKosovo-Serbia: A Different Approach,\u201d made possible by the \u201cOlof Palme International Center,\u201d is the first phase of the project: \u201cPerpetual Peace and Social Justice in the Balkans: Non-Ethnic Perspectives on Regional Relations and Cooperation between Kosovo and Serbia\u201d.<\/p>\n\n<p><\/p>\n\n<p>November 5, 2021<\/p>\n","protected":false},"excerpt":{"rendered":"<p>On Friday, the Institute for Social Policies \u201cMusine Kokalari\u201d from Prishtina, in cooperation with the Institute for Philosophy and Social Theory from Belgrade, held the conference: \u201cKosovo-Serbia: A Different Approach.\u201d Jellena Vasiljevi\u0107, Dukagjin Gorani, Aleksandar Pavlovi\u0107, G\u00ebzim Krasniqi, Visar Ymeri, Filip Ballunovi\u0107, Besfort Kosova, and Belgzim Kamberi held discussions in Belgrade on the topics: \u201cReconstructing [&hellip;]<\/p>\n","protected":false},"author":2,"featured_media":1318,"comment_status":"open","ping_status":"open","sticky":false,"template":"","format":"standard","meta":{"footnotes":""},"categories":[5],"tags":[],"class_list":["post-6984","post","type-post","status-publish","format-standard","has-post-thumbnail","hentry","category-uncategorized"],"_links":{"self":[{"href":"https:\/\/musineinstitute.org\/en\/wp-json\/wp\/v2\/posts\/6984","targetHints":{"allow":["GET"]}}],"collection":[{"href":"https:\/\/musineinstitute.org\/en\/wp-json\/wp\/v2\/posts"}],"about":[{"href":"https:\/\/musineinstitute.org\/en\/wp-json\/wp\/v2\/types\/post"}],"author":[{"embeddable":true,"href":"https:\/\/musineinstitute.org\/en\/wp-json\/wp\/v2\/users\/2"}],"replies":[{"embeddable":true,"href":"https:\/\/musineinstitute.org\/en\/wp-json\/wp\/v2\/comments?post=6984"}],"version-history":[{"count":1,"href":"https:\/\/musineinstitute.org\/en\/wp-json\/wp\/v2\/posts\/6984\/revisions"}],"predecessor-version":[{"id":6985,"href":"https:\/\/musineinstitute.org\/en\/wp-json\/wp\/v2\/posts\/6984\/revisions\/6985"}],"wp:featuredmedia":[{"embeddable":true,"href":"https:\/\/musineinstitute.org\/en\/wp-json\/wp\/v2\/media\/1318"}],"wp:attachment":[{"href":"https:\/\/musineinstitute.org\/en\/wp-json\/wp\/v2\/media?parent=6984"}],"wp:term":[{"taxonomy":"category","embeddable":true,"href":"https:\/\/musineinstitute.org\/en\/wp-json\/wp\/v2\/categories?post=6984"},{"taxonomy":"post_tag","embeddable":true,"href":"https:\/\/musineinstitute.org\/en\/wp-json\/wp\/v2\/tags?post=6984"}],"curies":[{"name":"wp","href":"https:\/\/api.w.org\/{rel}","templated":true}]}}