{"id":6978,"date":"2025-07-16T07:21:56","date_gmt":"2025-07-16T07:21:56","guid":{"rendered":"https:\/\/musineinstitute.org\/the-environment-as-a-space-for-building-citizenship-and-regional-cooperation\/"},"modified":"2025-07-16T07:21:57","modified_gmt":"2025-07-16T07:21:57","slug":"the-environment-as-a-space-for-building-citizenship-and-regional-cooperation","status":"publish","type":"post","link":"https:\/\/musineinstitute.org\/en\/the-environment-as-a-space-for-building-citizenship-and-regional-cooperation\/","title":{"rendered":"The environment as a space for building citizenship and regional cooperation"},"content":{"rendered":"\n<p>The Director of the Board of the Institute for Social Policies \u201cMusine Kokalari\u201d, Belgzim Kamberi, participated in Paris in the panel of the Public Tribune on the topic: \u201cNew Environmental and Civic Voices in the Balkans\u201d.<\/p>\n\n<p>Presenting the research findings of the \u201cMusine Kokalari\u201d Institute for Social Policies on hydropower plants and specific local cases\u2014such as the activism of NGOs and environmental activists regarding hydropower projects in the De\u00e7an area, or the protests in Sht\u00ebrpc\u00eb and Gorazhdec\u2014Belgzim Kamberi also raised, among other issues, the question of the environment as a new space for building citizenship and regional cooperation in the interest of the public good, as well as the need to implement environmental justice in the near future.<\/p>\n\n<p>The panel also included Ms. Natalija Simovi\u0107 from Ne davimo Beograd (Serbia) and Mr. Mileta Radovanovi\u0107, Secretary General of the Civic Movement URA (Montenegro).<\/p>\n\n<p>In addition to the public tribune, the panelists held a conference with journalists from prestigious French media outlets on environmental issues in the Balkans, a discussion with Mr. S\u00e9bastien Gricourt, Co-Director for the Balkans at the Jean Jaur\u00e8s Foundation, as well as a working lunch with representatives of the French Green Party \u2013 Europe \u00c9cologie-Les Verts.<\/p>\n\n<p>They were also received in a meeting by officials from the Directorate for the Balkans at the French Ministry of Foreign Affairs \u2013 France Diplomatie.<\/p>\n\n<p>The organization of this visit was made possible and supported by Le Courrier des Balkans and the Heinrich B\u00f6ll Foundation office in Paris, France.<\/p>\n\n<p>November 30, 2021<\/p>\n\n<figure class=\"wp-block-image size-large\"><img fetchpriority=\"high\" decoding=\"async\" width=\"1024\" height=\"682\" src=\"https:\/\/musineinstitute.org\/wp-content\/uploads\/2021\/12\/261756788_439089170994591_7646153837473285821_n-1-1024x682.jpg\" alt=\"\" class=\"wp-image-1381\" srcset=\"https:\/\/musineinstitute.org\/wp-content\/uploads\/2021\/12\/261756788_439089170994591_7646153837473285821_n-1-1024x682.jpg 1024w, https:\/\/musineinstitute.org\/wp-content\/uploads\/2021\/12\/261756788_439089170994591_7646153837473285821_n-1-300x200.jpg 300w, https:\/\/musineinstitute.org\/wp-content\/uploads\/2021\/12\/261756788_439089170994591_7646153837473285821_n-1-768x512.jpg 768w, https:\/\/musineinstitute.org\/wp-content\/uploads\/2021\/12\/261756788_439089170994591_7646153837473285821_n-1-1536x1024.jpg 1536w, https:\/\/musineinstitute.org\/wp-content\/uploads\/2021\/12\/261756788_439089170994591_7646153837473285821_n-1.jpg 2000w\" sizes=\"(max-width: 1024px) 100vw, 1024px\" \/><\/figure>\n","protected":false},"excerpt":{"rendered":"<p>The Director of the Board of the Institute for Social Policies \u201cMusine Kokalari\u201d, Belgzim Kamberi, participated in Paris in the panel of the Public Tribune on the topic: \u201cNew Environmental and Civic Voices in the Balkans\u201d. Presenting the research findings of the \u201cMusine Kokalari\u201d Institute for Social Policies on hydropower plants and specific local cases\u2014such [&hellip;]<\/p>\n","protected":false},"author":2,"featured_media":1379,"comment_status":"open","ping_status":"open","sticky":false,"template":"","format":"standard","meta":{"footnotes":""},"categories":[5],"tags":[],"class_list":["post-6978","post","type-post","status-publish","format-standard","has-post-thumbnail","hentry","category-uncategorized"],"_links":{"self":[{"href":"https:\/\/musineinstitute.org\/en\/wp-json\/wp\/v2\/posts\/6978","targetHints":{"allow":["GET"]}}],"collection":[{"href":"https:\/\/musineinstitute.org\/en\/wp-json\/wp\/v2\/posts"}],"about":[{"href":"https:\/\/musineinstitute.org\/en\/wp-json\/wp\/v2\/types\/post"}],"author":[{"embeddable":true,"href":"https:\/\/musineinstitute.org\/en\/wp-json\/wp\/v2\/users\/2"}],"replies":[{"embeddable":true,"href":"https:\/\/musineinstitute.org\/en\/wp-json\/wp\/v2\/comments?post=6978"}],"version-history":[{"count":1,"href":"https:\/\/musineinstitute.org\/en\/wp-json\/wp\/v2\/posts\/6978\/revisions"}],"predecessor-version":[{"id":6979,"href":"https:\/\/musineinstitute.org\/en\/wp-json\/wp\/v2\/posts\/6978\/revisions\/6979"}],"wp:featuredmedia":[{"embeddable":true,"href":"https:\/\/musineinstitute.org\/en\/wp-json\/wp\/v2\/media\/1379"}],"wp:attachment":[{"href":"https:\/\/musineinstitute.org\/en\/wp-json\/wp\/v2\/media?parent=6978"}],"wp:term":[{"taxonomy":"category","embeddable":true,"href":"https:\/\/musineinstitute.org\/en\/wp-json\/wp\/v2\/categories?post=6978"},{"taxonomy":"post_tag","embeddable":true,"href":"https:\/\/musineinstitute.org\/en\/wp-json\/wp\/v2\/tags?post=6978"}],"curies":[{"name":"wp","href":"https:\/\/api.w.org\/{rel}","templated":true}]}}